{"id":13949,"date":"2016-03-29T12:09:39","date_gmt":"2016-03-29T15:09:39","guid":{"rendered":"http:\/\/catolicanet.net\/wp-cnet\/2016\/03\/29\/conselho-mundial-de-igrejas-condena-ataque-no-paquistao\/"},"modified":"2017-06-02T10:07:23","modified_gmt":"2017-06-02T13:07:23","slug":"conselho-mundial-de-igrejas-condena-ataque-no-paquistao","status":"publish","type":"post","link":"https:\/\/catolicanet.net\/wp-cnet\/conselho-mundial-de-igrejas-condena-ataque-no-paquistao\/","title":{"rendered":"Conselho Mundial de Igrejas condena ataque no Paquist\u00e3o"},"content":{"rendered":"<p style=\"text-align: justify;\"><img decoding=\"async\" src=\"http:\/\/catolicanet.com.br\/images\/stories\/geral\/afp5145525_articolo.jpg\" border=\"0\" align=\"left\" \/>\u201cChocante e brutal\u201d: assim o Secret\u00e1rio-Geral do Conselho Mundial de Igrejas (Wcc), Rev. Olav Fykse Tveit, define o ataque num parque p\u00fablico de Lahore, no Paquist\u00e3o, no dia de P\u00e1scoa. Mais de 70 pessoas morreram, das quais pelo menos 50 crist\u00e3s. Entre as v\u00edtimas, h\u00e1 tamb\u00e9m mu\u00e7ulmanos e in\u00fameras crian\u00e7as. Cerca de 300 pessoas ficaram feridas. O atentado foi reivindicado pelos talib\u00e3s.<\/p>\n<p>Ataque chocante<\/p>\n<p>\u201cTrata-se de um ataque particularmente chocante\u201d \u2013 afirma Tveit em comunicado. \u201cEm primeiro lugar, porque parece que teve a inten\u00e7\u00e3o clara de atingir as crian\u00e7as que estavam simplesmente se divertindo no parque\u201d. Em segundo lugar, destaca o Secret\u00e1rio-Geral do Wcc, \u201cporque parece que tinha como alvo a vulner\u00e1vel minoria crist\u00e3 do Paquist\u00e3o, atacando num dos dias mais sagrados do calend\u00e1rio lit\u00fargico\u201d, isto \u00e9, a P\u00e1scoa.<\/p>\n<p>Empenhar-se no respeito da pessoa humana<\/p>\n<p>\u201cDiante de tal brutalidade \u2013 continua Tvei \u2013, a fam\u00edlia humana, todos os fi\u00e9is e as pessoas de boa vontade devem permanecer unidos e se empenhar em favor do respeito e do cuidado ao pr\u00f3ximo e da preven\u00e7\u00e3o de viol\u00eancias semelhantes\u201d. Encorajando \u00e0 ora\u00e7\u00e3o em solidariedade \u00e0s v\u00edtimas e a seus familiares, Olav Tveit exorta o governo e as autoridades do Paquist\u00e3o a \u201cfazer mais para proteger toda a popula\u00e7\u00e3o \u2013 seja esta crist\u00e3, mu\u00e7ulmana ou de outras religi\u00f5es \u2013 da viol\u00eancia perpetrada por extremistas\u201d.<\/p>\n<p>Tutelar o princ\u00edpio da liberdade religiosa<\/p>\n<p>\u201cO princ\u00edpio da liberdade de religi\u00e3o e de credo para todos \u2013 conclui o Conselho Mundial de Igrejas &#8211; deve ser afirmado e tutelado no Paquist\u00e3o e no restante do mundo, como responsabilidade fundamental, \u00e9tica e legal dos governos.\u201d Por fim, Tveit destaca que \u201ctoda refer\u00eancia \u00e0 viol\u00eancia em nome da religi\u00e3o ou motivada pela religi\u00e3o \u00e9 inaceit\u00e1vel e perigosa\u201d.<\/p>\n<p style=\"text-align: justify;\">Fonte: R\u00e1dio Vaticano<\/p>\n","protected":false},"excerpt":{"rendered":"<p>\u201cChocante e brutal\u201d: assim o Secret\u00e1rio-Geral do Conselho Mundial de Igrejas (Wcc), Rev. Olav Fykse Tveit, define o ataque num parque p\u00fablico de Lahore, no Paquist\u00e3o, no dia de P\u00e1scoa. Mais de 70 pessoas morreram, das quais pelo menos 50 crist\u00e3s. Entre as v\u00edtimas, h\u00e1 tamb\u00e9m mu\u00e7ulmanos e in\u00fameras crian\u00e7as. Cerca de 300 pessoas ficaram [&hellip;]<\/p>\n","protected":false},"author":1,"featured_media":0,"comment_status":"open","ping_status":"open","sticky":false,"template":"","format":"standard","meta":{"footnotes":""},"categories":[3],"tags":[],"class_list":["post-13949","post","type-post","status-publish","format-standard","hentry","category-vaticano"],"_links":{"self":[{"href":"https:\/\/catolicanet.net\/wp-cnet\/wp-json\/wp\/v2\/posts\/13949","targetHints":{"allow":["GET"]}}],"collection":[{"href":"https:\/\/catolicanet.net\/wp-cnet\/wp-json\/wp\/v2\/posts"}],"about":[{"href":"https:\/\/catolicanet.net\/wp-cnet\/wp-json\/wp\/v2\/types\/post"}],"author":[{"embeddable":true,"href":"https:\/\/catolicanet.net\/wp-cnet\/wp-json\/wp\/v2\/users\/1"}],"replies":[{"embeddable":true,"href":"https:\/\/catolicanet.net\/wp-cnet\/wp-json\/wp\/v2\/comments?post=13949"}],"version-history":[{"count":1,"href":"https:\/\/catolicanet.net\/wp-cnet\/wp-json\/wp\/v2\/posts\/13949\/revisions"}],"predecessor-version":[{"id":27825,"href":"https:\/\/catolicanet.net\/wp-cnet\/wp-json\/wp\/v2\/posts\/13949\/revisions\/27825"}],"wp:attachment":[{"href":"https:\/\/catolicanet.net\/wp-cnet\/wp-json\/wp\/v2\/media?parent=13949"}],"wp:term":[{"taxonomy":"category","embeddable":true,"href":"https:\/\/catolicanet.net\/wp-cnet\/wp-json\/wp\/v2\/categories?post=13949"},{"taxonomy":"post_tag","embeddable":true,"href":"https:\/\/catolicanet.net\/wp-cnet\/wp-json\/wp\/v2\/tags?post=13949"}],"curies":[{"name":"wp","href":"https:\/\/api.w.org\/{rel}","templated":true}]}}