{"id":13947,"date":"2016-03-28T18:05:53","date_gmt":"2016-03-28T21:05:53","guid":{"rendered":"http:\/\/catolicanet.net\/wp-cnet\/2016\/03\/28\/jesus-sem-teto-dorme-sobre-o-banco-de-um-patio-do-vaticano\/"},"modified":"2017-05-31T11:16:34","modified_gmt":"2017-05-31T14:16:34","slug":"jesus-sem-teto-dorme-sobre-o-banco-de-um-patio-do-vaticano","status":"publish","type":"post","link":"https:\/\/catolicanet.net\/wp-cnet\/jesus-sem-teto-dorme-sobre-o-banco-de-um-patio-do-vaticano\/","title":{"rendered":"Jesus, sem teto, dorme sobre o banco de um p\u00e1tio do Vaticano"},"content":{"rendered":"<p style=\"text-align: justify;\"><img decoding=\"async\" src=\"http:\/\/catolicanet.com.br\/images\/stories\/geral\/homeless-jesus.png\" border=\"0\" align=\"left\" \/>Coberto apenas por trapos, de p\u00e9s de fora, com as chagas abertas pelos pregos da crucifica\u00e7\u00e3o<\/p>\n<p>A obra em estilo hiper-realista \u00e9 do escultor canadense Timothy P. Schmalz, o mesmo que j\u00e1 tinha criado o \u201cJesus mendigo\u201d vis\u00edvel hoje na entrada do hospital romano Santo Spirito. Feita em bronze e em tamanho natural, ela representa um \u201cJesus sem teto\u201d deitado sobre um banco, s\u00f3 coberto de trapos, com os p\u00e9s de fora e as chagas abertas pelos pregos da crucifica\u00e7\u00e3o. O Jesus sem teto jaz no p\u00e1tio de Santo Eg\u00eddio, no Vaticano, diante da entrada da Esmolaria Apost\u00f3lica, o departamento de caridade da Santa S\u00e9.<\/p>\n<p>Timothy Schmalz explica que a sua inspira\u00e7\u00e3o foi um sem-teto que dormia num banco, \u00e0 intemp\u00e9rie, na semana de Natal \u2013 \u00e9poca de r\u00edgido inverno em seu pa\u00eds.<\/p>\n<p>\u201cNa pessoa dos pobres e dos \u00faltimos, est\u00e1 o rosto e a presen\u00e7a de Cristo\u201d, afirma o artista, que j\u00e1 tinha mostrado uma c\u00f3pia reduzida do \u201cJesus sem-teto\u201d ao papa Francisco em novembro de 2013, durante uma audi\u00eancia geral na Pra\u00e7a de S\u00e3o Pedro.<\/p>\n<p>\u201cQuando viu a obra, o papa a tocou nos joelhos e nos p\u00e9s e rezou. Ele est\u00e1 fazendo exatamente isso: ir at\u00e9 os marginalizados\u201d.<\/p>\n<p>Voc\u00ea tamb\u00e9m vai ver \u201cc\u00f3pias\u201d do Jesus sem teto nos bancos e becos da sua cidade \u2013 c\u00f3pias de carne e osso, cobertas apenas por trapos, de p\u00e9s de fora, com chagas abertas. O que voc\u00ea vai fazer diante delas?<\/p>\n<p style=\"text-align: justify;\">Fonte: Aleteia<\/p>\n","protected":false},"excerpt":{"rendered":"<p>Coberto apenas por trapos, de p\u00e9s de fora, com as chagas abertas pelos pregos da crucifica\u00e7\u00e3o A obra em estilo hiper-realista \u00e9 do escultor canadense Timothy P. Schmalz, o mesmo que j\u00e1 tinha criado o \u201cJesus mendigo\u201d vis\u00edvel hoje na entrada do hospital romano Santo Spirito. Feita em bronze e em tamanho natural, ela representa [&hellip;]<\/p>\n","protected":false},"author":1,"featured_media":0,"comment_status":"open","ping_status":"open","sticky":false,"template":"","format":"standard","meta":{"footnotes":""},"categories":[4],"tags":[],"class_list":["post-13947","post","type-post","status-publish","format-standard","hentry","category-cotidiano"],"_links":{"self":[{"href":"https:\/\/catolicanet.net\/wp-cnet\/wp-json\/wp\/v2\/posts\/13947","targetHints":{"allow":["GET"]}}],"collection":[{"href":"https:\/\/catolicanet.net\/wp-cnet\/wp-json\/wp\/v2\/posts"}],"about":[{"href":"https:\/\/catolicanet.net\/wp-cnet\/wp-json\/wp\/v2\/types\/post"}],"author":[{"embeddable":true,"href":"https:\/\/catolicanet.net\/wp-cnet\/wp-json\/wp\/v2\/users\/1"}],"replies":[{"embeddable":true,"href":"https:\/\/catolicanet.net\/wp-cnet\/wp-json\/wp\/v2\/comments?post=13947"}],"version-history":[{"count":1,"href":"https:\/\/catolicanet.net\/wp-cnet\/wp-json\/wp\/v2\/posts\/13947\/revisions"}],"predecessor-version":[{"id":26248,"href":"https:\/\/catolicanet.net\/wp-cnet\/wp-json\/wp\/v2\/posts\/13947\/revisions\/26248"}],"wp:attachment":[{"href":"https:\/\/catolicanet.net\/wp-cnet\/wp-json\/wp\/v2\/media?parent=13947"}],"wp:term":[{"taxonomy":"category","embeddable":true,"href":"https:\/\/catolicanet.net\/wp-cnet\/wp-json\/wp\/v2\/categories?post=13947"},{"taxonomy":"post_tag","embeddable":true,"href":"https:\/\/catolicanet.net\/wp-cnet\/wp-json\/wp\/v2\/tags?post=13947"}],"curies":[{"name":"wp","href":"https:\/\/api.w.org\/{rel}","templated":true}]}}