{"id":13933,"date":"2016-03-28T13:14:17","date_gmt":"2016-03-28T16:14:17","guid":{"rendered":"http:\/\/catolicanet.net\/wp-cnet\/2016\/03\/28\/santuario-de-aparecida-sediara-8o-peregrinacao-e-6o-simposio-nacional-da-familia\/"},"modified":"2017-05-26T16:09:28","modified_gmt":"2017-05-26T19:09:28","slug":"santuario-de-aparecida-sediara-8o-peregrinacao-e-6o-simposio-nacional-da-familia","status":"publish","type":"post","link":"https:\/\/catolicanet.net\/wp-cnet\/santuario-de-aparecida-sediara-8o-peregrinacao-e-6o-simposio-nacional-da-familia\/","title":{"rendered":"Santu\u00e1rio de Aparecida sediar\u00e1 8\u00aa Peregrina\u00e7\u00e3o e 6\u00ba Simp\u00f3sio Nacional da Fam\u00edlia"},"content":{"rendered":"<p style=\"text-align: justify;\"><img decoding=\"async\" src=\"http:\/\/catolicanet.com.br\/images\/stories\/geral\/cartazpereg1.jpg\" border=\"0\" align=\"left\" \/>Os eventos acontecer\u00e3o dias 21 e 22 de maio<\/p>\n<p>Com o tema &#8220;Fam\u00edlia e Miseric\u00f3rdia: se encontram no cora\u00e7\u00e3o da M\u00e3e&#8221;, a 8\u00aa Peregrina\u00e7\u00e3o e 6\u00ba Simp\u00f3sio Nacional da Fam\u00edlia acontecer\u00e3o dias 21 e 22 de maio, em Aparecida (SP). Os eventos s\u00e3o organizados pela Comiss\u00e3o Nacional da Pastoral Familiar (CNPF), organismo vinculado \u00e0 Comiss\u00e3o Episcopal Pastoral para a Vida e a Fam\u00edlia da Confer\u00eancia Nacional dos Bispos do Brasil (CNBB).<\/p>\n<p>\u201cO dia de nos encontrarmos at\u00e9 chegando. A Peregrina\u00e7\u00e3o e o Simp\u00f3sio s\u00e3o os nossos grandes momentos de celebra\u00e7\u00e3o na casa da M\u00e3e Aparecida. Pois \u00e9 na casa da m\u00e3e que se encontram os filhos\u201d, motiva o bispo de Osasco (SP) e presidente da Comiss\u00e3o, dom Jo\u00e3o Bosco Barbosa de Sousa.<\/p>\n<p>Dioceses, par\u00f3quias e comunidades j\u00e1 come\u00e7aram a organizar suas caravanas, rumo ao Santu\u00e1rio Nacional, para celebrar a vida e a fam\u00edlia. \u201cSer\u00e1 bonito ver as romarias do Brasil, caravanas, movimento e associa\u00e7\u00f5es, casais chegando para rezamos juntos e pedirmos para Ela, esse rosto da miseric\u00f3rdia que \u00e9 Seu filho a todas as nossas fam\u00edlias\u201d, deseja dom Bosco. Confira o v\u00eddeo. <\/p>\n<p>Simp\u00f3sio nacional<\/p>\n<p>No s\u00e1bado, 21, o Simp\u00f3sio ter\u00e1 in\u00edcio \u00e0s 8h, com recep\u00e7\u00e3o e credenciamento dos peregrinos no Centro de Eventos Padre Vitor Coelho de Almeida, ao lado da Pra\u00e7a de Alimenta\u00e7\u00e3o do Santu\u00e1rio Nacional. Durante o evento diferentes assuntos ser\u00e3o debatidos, com presen\u00e7a de especialistas, bispos, padres e casais. J\u00e1 \u00e0 tarde, a programa\u00e7\u00e3o contar\u00e1 com testemunhos de casais e anima\u00e7\u00e3o musical, com show. Haver\u00e1, ainda, prociss\u00e3o luminosa, marcando o encerramento do Simp\u00f3sio e o in\u00edcio da Peregrina\u00e7\u00e3o Nacional da Fam\u00edlia, na Bas\u00edlica. <\/p>\n<p>Dom Jo\u00e3o Bosco explica que as tem\u00e1ticas e confer\u00eancias do 6\u00aa Simp\u00f3sio retomar\u00e3o os caminhos apontados pelo S\u00ednodo dos Bispos sobre a Fam\u00edlia. <\/p>\n<p>\u201cEstamos vivendo um momento especial ap\u00f3s o S\u00ednodo dos Bispos e as palavras do papa Francisco que exorta todas as pastorais a abra\u00e7arem a Pastoral Familiar, como eixo central dentro a a\u00e7\u00e3o evangelizadora. Todas as motiva\u00e7\u00f5es, trazidas pelo S\u00ednodo, iremos refletir durante nosso 6\u00ba Simp\u00f3sio Nacional da Fam\u00edlia\u201d, comenta o bispo. <\/p>\n<p>Missas da Peregrina\u00e7\u00e3o<\/p>\n<p>No domingo, 22, a programa\u00e7\u00e3o continua com missas \u00e0s 5h30,\u00a0 8h (com transmiss\u00e3o ao vivo pela TV Aparecida), 10h e\u00a0 12h, e ser\u00e3o presididsa pelos bispos da Comiss\u00e3o para a Vida e a Fam\u00edlia da CNBB. <\/p>\n<p>\u00daltimas not\u00edcias<\/p>\n<p> Pontif\u00edcias Obras Mission\u00e1rias (POM) elege novo diretor nacional<br \/> Papa Francisco concede ben\u00e7\u00e3o Urbi et Orbi \u00e0 Cidade de Roma e ao mundo<br \/> Santu\u00e1rio de Aparecida sediar\u00e1 8\u00aa Peregrina\u00e7\u00e3o e 6\u00ba Simp\u00f3sio Nacional da Fam\u00edlia <br \/> Maria encontra com seu Filho Jesus<br \/> Democracia posta \u00e0 prova<\/p>\n<p>Artigos dos Bispos<\/p>\n<p> Maria encontra com seu Filho Jesus<br \/> Democracia posta \u00e0 prova<br \/> Testemunhas do Crucificado-Ressuscitado<br \/> O amor misericordioso venceu a morte!<\/p>\n<p>Fonte: CNBB<\/p>\n","protected":false},"excerpt":{"rendered":"<p>Os eventos acontecer\u00e3o dias 21 e 22 de maio Com o tema &#8220;Fam\u00edlia e Miseric\u00f3rdia: se encontram no cora\u00e7\u00e3o da M\u00e3e&#8221;, a 8\u00aa Peregrina\u00e7\u00e3o e 6\u00ba Simp\u00f3sio Nacional da Fam\u00edlia acontecer\u00e3o dias 21 e 22 de maio, em Aparecida (SP). Os eventos s\u00e3o organizados pela Comiss\u00e3o Nacional da Pastoral Familiar (CNPF), organismo vinculado \u00e0 Comiss\u00e3o [&hellip;]<\/p>\n","protected":false},"author":1,"featured_media":0,"comment_status":"open","ping_status":"open","sticky":false,"template":"","format":"standard","meta":{"footnotes":""},"categories":[7],"tags":[],"class_list":["post-13933","post","type-post","status-publish","format-standard","hentry","category-cnbb"],"_links":{"self":[{"href":"https:\/\/catolicanet.net\/wp-cnet\/wp-json\/wp\/v2\/posts\/13933","targetHints":{"allow":["GET"]}}],"collection":[{"href":"https:\/\/catolicanet.net\/wp-cnet\/wp-json\/wp\/v2\/posts"}],"about":[{"href":"https:\/\/catolicanet.net\/wp-cnet\/wp-json\/wp\/v2\/types\/post"}],"author":[{"embeddable":true,"href":"https:\/\/catolicanet.net\/wp-cnet\/wp-json\/wp\/v2\/users\/1"}],"replies":[{"embeddable":true,"href":"https:\/\/catolicanet.net\/wp-cnet\/wp-json\/wp\/v2\/comments?post=13933"}],"version-history":[{"count":1,"href":"https:\/\/catolicanet.net\/wp-cnet\/wp-json\/wp\/v2\/posts\/13933\/revisions"}],"predecessor-version":[{"id":23798,"href":"https:\/\/catolicanet.net\/wp-cnet\/wp-json\/wp\/v2\/posts\/13933\/revisions\/23798"}],"wp:attachment":[{"href":"https:\/\/catolicanet.net\/wp-cnet\/wp-json\/wp\/v2\/media?parent=13933"}],"wp:term":[{"taxonomy":"category","embeddable":true,"href":"https:\/\/catolicanet.net\/wp-cnet\/wp-json\/wp\/v2\/categories?post=13933"},{"taxonomy":"post_tag","embeddable":true,"href":"https:\/\/catolicanet.net\/wp-cnet\/wp-json\/wp\/v2\/tags?post=13933"}],"curies":[{"name":"wp","href":"https:\/\/api.w.org\/{rel}","templated":true}]}}