{"id":13932,"date":"2016-03-28T13:05:42","date_gmt":"2016-03-28T16:05:42","guid":{"rendered":"http:\/\/catolicanet.net\/wp-cnet\/2016\/03\/28\/pontificias-obras-missionarias-pom-elege-novo-diretor-nacional\/"},"modified":"2017-05-26T16:11:15","modified_gmt":"2017-05-26T19:11:15","slug":"pontificias-obras-missionarias-pom-elege-novo-diretor-nacional","status":"publish","type":"post","link":"https:\/\/catolicanet.net\/wp-cnet\/pontificias-obras-missionarias-pom-elege-novo-diretor-nacional\/","title":{"rendered":"Pontif\u00edcias Obras Mission\u00e1rias (POM) elege novo diretor nacional"},"content":{"rendered":"<p style=\"text-align: justify;\"><img decoding=\"async\" src=\"http:\/\/catolicanet.com.br\/images\/stories\/geral\/padremauricio.png\" border=\"0\" align=\"left\" \/>Padre Maur\u00edcio trabalhou em Mo\u00e7ambique por mais de tr\u00eas anos<\/p>\n<p>O sacerdote da arquidiocese de Porto Alegre (RS), padre Maur\u00edcio da Silva Jardim, assume a diretoria nacional das Pontif\u00edcias Obras Mission\u00e1rias (POM). At\u00e9 o momento, atuava como animador vocacional e coordenador da Pastoral Presbiteral. <\/p>\n<p>Tamb\u00e9m trabalhou durante tr\u00eas anos e meio em Mo\u00e7ambique (\u00c1frica), ap\u00f3s ser enviado pelo regional Sul 3 da Confer\u00eancia Nacional dos Bispos do Brasil (CNBB). <\/p>\n<p>\u201c\u00c9 uma nova miss\u00e3o, \u00e9 um novo desafio, que eu acolho de cora\u00e7\u00e3o para fazer aquilo que for poss\u00edvel. Vou oferecer cinco anos da minha vida e me dedicar para ser essa pessoa de refer\u00eancia da miss\u00e3o no Brasil. Sempre em comunh\u00e3o com o papa Francisco\u201d, disse padre Maur\u00edcio. <\/p>\n<p>O arcebispo de Porto Alegre, dom Jaime Spengler comunicou a nomea\u00e7\u00e3o de padre Maur\u00edcio na missa do Crisma, celebrada no \u00faltimo dia 24. <br \/>CNBB com informa\u00e7\u00f5es e foto da POM. <br \/>\u00daltimas not\u00edcias<\/p>\n<p> Pontif\u00edcias Obras Mission\u00e1rias (POM) elege novo diretor nacional<br \/> Papa Francisco concede ben\u00e7\u00e3o Urbi et Orbi \u00e0 Cidade de Roma e ao mundo<br \/> Santu\u00e1rio de Aparecida sediar\u00e1 8\u00aa Peregrina\u00e7\u00e3o e 6\u00ba Simp\u00f3sio Nacional da Fam\u00edlia <br \/> Maria encontra com seu Filho Jesus<br \/> Democracia posta \u00e0 prova<\/p>\n<p>Artigos dos Bispos<\/p>\n<p> Maria encontra com seu Filho Jesus<br \/> Democracia posta \u00e0 prova<br \/> Testemunhas do Crucificado-Ressuscitado<br \/> O amor misericordioso venceu a morte!<\/p>\n<p>Fonte: CNBB<\/p>\n","protected":false},"excerpt":{"rendered":"<p>Padre Maur\u00edcio trabalhou em Mo\u00e7ambique por mais de tr\u00eas anos O sacerdote da arquidiocese de Porto Alegre (RS), padre Maur\u00edcio da Silva Jardim, assume a diretoria nacional das Pontif\u00edcias Obras Mission\u00e1rias (POM). At\u00e9 o momento, atuava como animador vocacional e coordenador da Pastoral Presbiteral. Tamb\u00e9m trabalhou durante tr\u00eas anos e meio em Mo\u00e7ambique (\u00c1frica), ap\u00f3s [&hellip;]<\/p>\n","protected":false},"author":1,"featured_media":0,"comment_status":"open","ping_status":"open","sticky":false,"template":"","format":"standard","meta":{"footnotes":""},"categories":[7],"tags":[],"class_list":["post-13932","post","type-post","status-publish","format-standard","hentry","category-cnbb"],"_links":{"self":[{"href":"https:\/\/catolicanet.net\/wp-cnet\/wp-json\/wp\/v2\/posts\/13932","targetHints":{"allow":["GET"]}}],"collection":[{"href":"https:\/\/catolicanet.net\/wp-cnet\/wp-json\/wp\/v2\/posts"}],"about":[{"href":"https:\/\/catolicanet.net\/wp-cnet\/wp-json\/wp\/v2\/types\/post"}],"author":[{"embeddable":true,"href":"https:\/\/catolicanet.net\/wp-cnet\/wp-json\/wp\/v2\/users\/1"}],"replies":[{"embeddable":true,"href":"https:\/\/catolicanet.net\/wp-cnet\/wp-json\/wp\/v2\/comments?post=13932"}],"version-history":[{"count":1,"href":"https:\/\/catolicanet.net\/wp-cnet\/wp-json\/wp\/v2\/posts\/13932\/revisions"}],"predecessor-version":[{"id":23799,"href":"https:\/\/catolicanet.net\/wp-cnet\/wp-json\/wp\/v2\/posts\/13932\/revisions\/23799"}],"wp:attachment":[{"href":"https:\/\/catolicanet.net\/wp-cnet\/wp-json\/wp\/v2\/media?parent=13932"}],"wp:term":[{"taxonomy":"category","embeddable":true,"href":"https:\/\/catolicanet.net\/wp-cnet\/wp-json\/wp\/v2\/categories?post=13932"},{"taxonomy":"post_tag","embeddable":true,"href":"https:\/\/catolicanet.net\/wp-cnet\/wp-json\/wp\/v2\/tags?post=13932"}],"curies":[{"name":"wp","href":"https:\/\/api.w.org\/{rel}","templated":true}]}}