{"id":13917,"date":"2016-03-24T11:57:41","date_gmt":"2016-03-24T14:57:41","guid":{"rendered":"http:\/\/catolicanet.net\/wp-cnet\/2016\/03\/24\/semana-santa-santuario-nacional-deve-acolher-250-mil-devotos-ate-a-pascoa\/"},"modified":"2017-05-31T11:16:37","modified_gmt":"2017-05-31T14:16:37","slug":"semana-santa-santuario-nacional-deve-acolher-250-mil-devotos-ate-a-pascoa","status":"publish","type":"post","link":"https:\/\/catolicanet.net\/wp-cnet\/semana-santa-santuario-nacional-deve-acolher-250-mil-devotos-ate-a-pascoa\/","title":{"rendered":"Semana Santa: Santu\u00e1rio Nacional deve acolher 250 mil devotos at\u00e9 a P\u00e1scoa"},"content":{"rendered":"<p style=\"text-align: justify;\"><img decoding=\"async\" src=\"http:\/\/catolicanet.com.br\/images\/stories\/geral\/semana_santa_thiago_leon.jpg\" border=\"0\" align=\"left\" \/>Considerado o per\u00edodo mais importante para a f\u00e9 dos cat\u00f3licos, a Semana Santa deve reunir mais de 250 mil devotos em suas celebra\u00e7\u00f5es no Santu\u00e1rio Nacional. Iniciada no \u00faltimo domingo (20), a Semana Santa faz mem\u00f3ria ao sofrimento, morte e ressurrei\u00e7\u00e3o de Jesus e se encerra no Domingo de P\u00e1scoa (27).<br \/>No Domingo de Ramos (20), quando foi rememorada a entrada triunfal de Jesus em Jerusal\u00e9m, a Bas\u00edlica de Nossa Senhora Aparecida foi visitada por 75 mil romeiros. A expectativa \u00e9 de que na Sexta-feira da Paix\u00e3o 46 mil peregrinos estejam presentes e que no S\u00e1bado Santo o n\u00famero de visitantes chegue aos 50 mil fi\u00e9is. No Domingo de P\u00e1scoa, 60 mil visitantes devem passar pelo Santu\u00e1rio Nacional.<br \/>Nesta quinta-feira ser\u00e1 celebrada, \u00e0s 9h, a Missa do Crisma. Mais tarde, \u00e0s 21h, toda a aten\u00e7\u00e3o se volta para a Missa da Ceia do Senhor, popularmente conhecida como Lava-p\u00e9s.\u00a0 A celebra\u00e7\u00e3o recorda a institui\u00e7\u00e3o do Sacramento da Eucaristia.<br \/>Logo pela manh\u00e3 da sexta-feira, \u00e0s 5h, acontece a tradicional Via-Sacra ao Morro do Cruzeiro, que deve reunir cerca de 5 mil fi\u00e9is. Os devotos percorrem os 900 metros do local meditando as 14 esta\u00e7\u00f5es da Via-Sacra. <br \/>Na Bas\u00edlica de Nossa Senhora Aparecida, tamb\u00e9m no per\u00edodo da manh\u00e3, as atividades compreendem uma Ora\u00e7\u00e3o da Manh\u00e3 (7h), a Encena\u00e7\u00e3o da Paix\u00e3o e Via Sacra (9h) e uma Catequese e B\u00ean\u00e7\u00e3o (11h), todas no Altar Central da Bas\u00edlica.<br \/>O per\u00edodo da tarde da Sexta-feira Santa concentrar\u00e1 a medita\u00e7\u00e3o do Serm\u00e3o das 7 palavras (12h) e mais uma Catequese e B\u00ean\u00e7\u00e3o (14h) aos devotos presentes. \u00c0s 15h acontece um dos momentos mais marcante desta Semana Santa, ser\u00e1 celebrada a Paix\u00e3o e Morte de Jesus Cristo, seguida da Prociss\u00e3o de Enterro.<br \/>No S\u00e1bado Santo h\u00e1 a celebra\u00e7\u00e3o das Dores de Maria \u00e0s 9h e Vig\u00edlia Pascal ter\u00e1 in\u00edcio \u00e0s 20h. Durante todo o dia haver\u00e1 catequeses, medita\u00e7\u00e3o do Ter\u00e7o e ben\u00e7\u00e3o aos romeiros.<br \/>No Domingo de P\u00e1scoa, sete missas est\u00e3o programadas para que o povo festeje a ressurrei\u00e7\u00e3o de Cristo, sendo a Missa Solene, presidida pelo Cardeal Arcebispo de Aparecida, Dom Raymundo Damasceno Assis, \u00e1s 8h. Os demais hor\u00e1rios de Missa no domingo s\u00e3o \u00e0s 5h30, 10h, 12h, 14h, 16h e 18h.<br \/>Mais detalhes sobre a programa\u00e7\u00e3o da Semana Santa no Santu\u00e1rio Nacional podem ser acessadas noPortal A12 no endere\u00e7o www.A12.com\/semanasanta.<\/p>\n<p style=\"text-align: justify;\">Fonte: Santu\u00e1rio Nacional<\/p>\n","protected":false},"excerpt":{"rendered":"<p>Considerado o per\u00edodo mais importante para a f\u00e9 dos cat\u00f3licos, a Semana Santa deve reunir mais de 250 mil devotos em suas celebra\u00e7\u00f5es no Santu\u00e1rio Nacional. Iniciada no \u00faltimo domingo (20), a Semana Santa faz mem\u00f3ria ao sofrimento, morte e ressurrei\u00e7\u00e3o de Jesus e se encerra no Domingo de P\u00e1scoa (27).No Domingo de Ramos (20), [&hellip;]<\/p>\n","protected":false},"author":1,"featured_media":0,"comment_status":"open","ping_status":"open","sticky":false,"template":"","format":"standard","meta":{"footnotes":""},"categories":[4],"tags":[],"class_list":["post-13917","post","type-post","status-publish","format-standard","hentry","category-cotidiano"],"_links":{"self":[{"href":"https:\/\/catolicanet.net\/wp-cnet\/wp-json\/wp\/v2\/posts\/13917","targetHints":{"allow":["GET"]}}],"collection":[{"href":"https:\/\/catolicanet.net\/wp-cnet\/wp-json\/wp\/v2\/posts"}],"about":[{"href":"https:\/\/catolicanet.net\/wp-cnet\/wp-json\/wp\/v2\/types\/post"}],"author":[{"embeddable":true,"href":"https:\/\/catolicanet.net\/wp-cnet\/wp-json\/wp\/v2\/users\/1"}],"replies":[{"embeddable":true,"href":"https:\/\/catolicanet.net\/wp-cnet\/wp-json\/wp\/v2\/comments?post=13917"}],"version-history":[{"count":1,"href":"https:\/\/catolicanet.net\/wp-cnet\/wp-json\/wp\/v2\/posts\/13917\/revisions"}],"predecessor-version":[{"id":26254,"href":"https:\/\/catolicanet.net\/wp-cnet\/wp-json\/wp\/v2\/posts\/13917\/revisions\/26254"}],"wp:attachment":[{"href":"https:\/\/catolicanet.net\/wp-cnet\/wp-json\/wp\/v2\/media?parent=13917"}],"wp:term":[{"taxonomy":"category","embeddable":true,"href":"https:\/\/catolicanet.net\/wp-cnet\/wp-json\/wp\/v2\/categories?post=13917"},{"taxonomy":"post_tag","embeddable":true,"href":"https:\/\/catolicanet.net\/wp-cnet\/wp-json\/wp\/v2\/tags?post=13917"}],"curies":[{"name":"wp","href":"https:\/\/api.w.org\/{rel}","templated":true}]}}