{"id":13907,"date":"2016-03-23T19:19:26","date_gmt":"2016-03-23T22:19:26","guid":{"rendered":"http:\/\/catolicanet.net\/wp-cnet\/2016\/03\/23\/africard-congo-morto-um-padre-assuncionista-que-denunciava-a-exploracao-de-coltan-em-detrimento-das-populacoes-locais\/"},"modified":"2017-05-31T11:16:39","modified_gmt":"2017-05-31T14:16:39","slug":"africard-congo-morto-um-padre-assuncionista-que-denunciava-a-exploracao-de-coltan-em-detrimento-das-populacoes-locais","status":"publish","type":"post","link":"https:\/\/catolicanet.net\/wp-cnet\/africard-congo-morto-um-padre-assuncionista-que-denunciava-a-exploracao-de-coltan-em-detrimento-das-populacoes-locais\/","title":{"rendered":"\u00c1FRICA\/RD CONGO &#8211; Morto um padre assuncionista que denunciava a explora\u00e7\u00e3o de coltan em detrimento das popula\u00e7\u00f5es locais"},"content":{"rendered":"<p style=\"text-align: justify;\">Kinshasa (Ag\u00eancia Fides) &#8211; &#8220;Por que querem me matar?&#8221; Estas foram as \u00faltimas palavras de Pe. Vincent Machozi, sacerdote assuncionista morto na noite de domingo, 20 mar\u00e7o, na aldeia de Vitungwe-Isale, a 15 km de Butembo no territ\u00f3rio de Beni (prov\u00edncia de Kivu Norte, no leste da Rep\u00fablica Democr\u00e1tica do Congo). Conforme relatado por &#8220;la Croix&#8221; Pe. Emmanuel Kahindo, Vig\u00e1rio Geral da Congrega\u00e7\u00e3o dos Assuncionistas (Agostinianos da Assun\u00e7\u00e3o), de nacionalidade congolesa, \u201calguns soldados chegaram de carro por volta da meia-noite, arrombaram as portas e o mataram no local\u201d.<br \/>Os testemunhos obtidos por Pe. Kahindo e do site benilubero.com concordam que os assassinos s\u00e3o militares das for\u00e7as armadas congolesas (FARDC). Em particular benilubero.com relata que &#8220;cerca de dez soldados uniformizados das For\u00e7as Armadas da Rep\u00fablica Democr\u00e1tica do Congo, fortemente armados, que viajavam num jipe, invadiram o centro Mon Beau Village, onde os chefes tradicionais Nande se reuniram para participar de uma reflex\u00e3o sobre a paz convocada por Mwami Abdul Kalemire III &#8220;chefe das comunidades de Basho, em miss\u00e3o na \u00e1rea e h\u00f3spede do mesmo convento.<br \/>Os soldados imediatamente esclareceram que queriam atingir o chefe Kalemire e Pe. Vincent. N\u00e3o obstante a tentativa dos espectadores de esconder as duas pessoas tomadas de mira, os militares descobriram Pe. Vincent que estava no p\u00e1tio, e estava trabalhando em seu computador port\u00e1til. Foi ouvida uma rajada de balas de uma arma autom\u00e1tica, enquanto Pe. Vincent gritava: \u201cPor que querem me matar?\u201d. Kalemire III se salvou apenas porque tinha deixado Pe. Vincent para ir dormir.<br \/>Pe. Vincenta j\u00e1 tinha sido amea\u00e7ado de morte tanto que, em 2003, foi obrigado a se exilar nos Estados Unidos. Isso n\u00e3o impediu que se tornasse chefe redator de benilubero.com. Ap\u00f3s o seu regresso \u00e0 RDC escapou de sete atentados.<br \/>Pe. Vincent denunciou v\u00e1rias vezes o sofrimento da popula\u00e7\u00e3o Nande causada pela presen\u00e7a no territ\u00f3rio de Beni de diferentes grupos armados que exploram ilegalmente o coltan (mineral utilizado na fabrica\u00e7\u00e3o de componentes eletr\u00f4nicos para celulares), muitas vezes com a coniv\u00eancia do ex\u00e9rcito regular .<br \/>O religioso nasceu em 1965. Aos 17 anos entrou para a Congrega\u00e7\u00e3o das Assuncionistas. Ap\u00f3s completar seus estudos na Fran\u00e7a, foi ordenado em Angers, em 1994. Ensinou no semin\u00e1rio em Kinshasa e obteve o Doutorado na Universidade de Boston, em resolu\u00e7\u00e3o de conflitos.<br \/>Tamb\u00e9m no domingo, 20 de mar\u00e7o, um sacerdote da Ordem dos Cl\u00e9rigos Regulares Menores (Padres Caracciolinos), ficou gravemente ferido numa emboscada na estrada em Katwiguru, a 30 km de Rutshuru (Kivu Norte veja Fides 21\/3\/2016).<\/p>\n<p style=\"text-align: justify;\">Fonte: Ag\u00eancia Fides<\/p>\n","protected":false},"excerpt":{"rendered":"<p>Kinshasa (Ag\u00eancia Fides) &#8211; &#8220;Por que querem me matar?&#8221; Estas foram as \u00faltimas palavras de Pe. Vincent Machozi, sacerdote assuncionista morto na noite de domingo, 20 mar\u00e7o, na aldeia de Vitungwe-Isale, a 15 km de Butembo no territ\u00f3rio de Beni (prov\u00edncia de Kivu Norte, no leste da Rep\u00fablica Democr\u00e1tica do Congo). Conforme relatado por &#8220;la [&hellip;]<\/p>\n","protected":false},"author":1,"featured_media":0,"comment_status":"open","ping_status":"open","sticky":false,"template":"","format":"standard","meta":{"footnotes":""},"categories":[4],"tags":[],"class_list":["post-13907","post","type-post","status-publish","format-standard","hentry","category-cotidiano"],"_links":{"self":[{"href":"https:\/\/catolicanet.net\/wp-cnet\/wp-json\/wp\/v2\/posts\/13907","targetHints":{"allow":["GET"]}}],"collection":[{"href":"https:\/\/catolicanet.net\/wp-cnet\/wp-json\/wp\/v2\/posts"}],"about":[{"href":"https:\/\/catolicanet.net\/wp-cnet\/wp-json\/wp\/v2\/types\/post"}],"author":[{"embeddable":true,"href":"https:\/\/catolicanet.net\/wp-cnet\/wp-json\/wp\/v2\/users\/1"}],"replies":[{"embeddable":true,"href":"https:\/\/catolicanet.net\/wp-cnet\/wp-json\/wp\/v2\/comments?post=13907"}],"version-history":[{"count":1,"href":"https:\/\/catolicanet.net\/wp-cnet\/wp-json\/wp\/v2\/posts\/13907\/revisions"}],"predecessor-version":[{"id":26261,"href":"https:\/\/catolicanet.net\/wp-cnet\/wp-json\/wp\/v2\/posts\/13907\/revisions\/26261"}],"wp:attachment":[{"href":"https:\/\/catolicanet.net\/wp-cnet\/wp-json\/wp\/v2\/media?parent=13907"}],"wp:term":[{"taxonomy":"category","embeddable":true,"href":"https:\/\/catolicanet.net\/wp-cnet\/wp-json\/wp\/v2\/categories?post=13907"},{"taxonomy":"post_tag","embeddable":true,"href":"https:\/\/catolicanet.net\/wp-cnet\/wp-json\/wp\/v2\/tags?post=13907"}],"curies":[{"name":"wp","href":"https:\/\/api.w.org\/{rel}","templated":true}]}}