{"id":13895,"date":"2016-03-23T14:58:46","date_gmt":"2016-03-23T17:58:46","guid":{"rendered":"http:\/\/catolicanet.net\/wp-cnet\/2016\/03\/23\/semana-santa-na-paroquia-sao-paulo-apostolo-de-agudos\/"},"modified":"2017-05-31T11:18:32","modified_gmt":"2017-05-31T14:18:32","slug":"semana-santa-na-paroquia-sao-paulo-apostolo-de-agudos","status":"publish","type":"post","link":"https:\/\/catolicanet.net\/wp-cnet\/semana-santa-na-paroquia-sao-paulo-apostolo-de-agudos\/","title":{"rendered":"Semana Santa na Par\u00f3quia S\u00e3o Paulo Ap\u00f3stolo de Agudos"},"content":{"rendered":"<p style=\"text-align: justify;\"><img decoding=\"async\" src=\"http:\/\/catolicanet.com.br\/images\/stories\/geral\/alto_semana_santa1.jpg\" border=\"0\" align=\"left\" \/>A Par\u00f3quia S\u00e3o Paulo Ap\u00f3stolo de Agudos celebrar\u00e1, entre os dias 20 a 27 de mar\u00e7o, a Semana Santa, com prociss\u00f5es, missas, b\u00ean\u00e7\u00e3os, confiss\u00f5es e a via-Sacra.<\/p>\n<p>Para o p\u00e1roco Frei Ademir Sanquetti, a Semana Santa \u00e9 per\u00edodo de reflex\u00e3o e recorda\u00e7\u00e3o dos \u00faltimos momentos de Jesus Cristo na vida terrena. \u201cEle, que nos transmitiu grandes ensinamentos, com a Sua ressurrei\u00e7\u00e3o, nos traz a esperan\u00e7a de uma vida nova\u201d, enfatiza.<\/p>\n<p>As atividades tiveram in\u00edcio no domingo (20), com o Domingo de Ramos, que foi realizado nos cinco setores da Par\u00f3quia. A programa\u00e7\u00e3o continua na segunda-feira (21), com celebra\u00e7\u00e3o de Nossa Senhora das Dores, \u00e0s 19h, no Setor Matriz S\u00e3o Paulo Ap\u00f3stolo. Na ter\u00e7a-feira (22) \u00e9 a vez da prociss\u00e3o luminosa do encontro, na qual homens se reunir\u00e3o no setor S\u00e3o Francisco e mulheres no setor Nossa Senhora das Gra\u00e7as. J\u00e1 na quarta-feira (23) haver\u00e1 celebra\u00e7\u00e3o no setor Matriz S\u00e3o Paulo Ap\u00f3stolo, \u00e0s 19h.<\/p>\n<p>\u00daltima ceia e celebra\u00e7\u00e3o da Paix\u00e3o<\/p>\n<p>Na quinta-feira Santa (24) ser\u00e1 realizada a missa de Lava-p\u00e9s, que recorda a \u00faltima ceia de Jesus com seus ap\u00f3stolos. O setor Matriz realizar\u00e1 a encena\u00e7\u00e3o com as crian\u00e7as, \u00e0s 15h e, \u00e0s 20h haver\u00e1 Missa e adora\u00e7\u00e3o ao Sant\u00edssimo at\u00e9 meia noite. Os Setores S\u00e3o Francisco de Assis e Nossa Senhora Aparecida realizar\u00e3o a celebra\u00e7\u00e3o e adora\u00e7\u00e3o a partir das 19h30.<\/p>\n<p>Na sexta-feira Santa (25), para relembrar a paix\u00e3o e morte de Jesus Cristo, ser\u00e1 realizada na Pra\u00e7a da Matriz a Via-Sacra, \u00e0s 8h. A celebra\u00e7\u00e3o da Paix\u00e3o ter\u00e1 in\u00edcio nos setores Nossa Senhora Aparecida e Matriz \u00e0s 15h e \u00e0s 16h30 haver\u00e1 a prociss\u00e3o do Senhor na Matriz.<\/p>\n<p>Vig\u00edlia e Domingo de P\u00e1scoa<\/p>\n<p>No s\u00e1bado (26), os setores S\u00e3o Francisco de Assis, Nossa Senhora Aparecida e Matriz realizar\u00e3o a tradicional Vig\u00edlia Pascal, \u00e0s 19h30 e 20h, respectivamente. A Semana Santa se encerra no Domingo de P\u00e1scoa (27) com missa e celebra\u00e7\u00e3o da Ressurrei\u00e7\u00e3o nos seis Setores da Par\u00f3quia.<\/p>\n<p>Confira a programa\u00e7\u00e3o completa:<\/p>\n<p>Segunda-feira Santa \u2013 21\/03<br \/>Setor Matriz \u2013 Celebra\u00e7\u00e3o de Nossa Senhora das Dores, \u00e0s 19h<\/p>\n<p>Ter\u00e7a-feira Santa \u2013 22\/03<br \/>Prociss\u00e3o luminosa do encontro \u00e0s 20h \u2013 homens no setor S\u00e3o Francisco e mulheres no setor Nossa Senhora das Gra\u00e7as<\/p>\n<p>Quarta-feira Santa \u2013 23\/03<br \/>Setor Matriz \u2013 19h<br \/>Catedral Bauru \u2013 20h com Missa e B\u00ean\u00e7\u00e3o dos \u00d3leos<\/p>\n<p>Quinta-feira Santa (Lava-p\u00e9s) \u2013 24\/03<br \/>Setor Matriz \u2013 confiss\u00f5es das 8h \u00e0s 10h<br \/>Setor Matriz \u2013 Missa para as crian\u00e7as, \u00e0s 15h<br \/>Setores S\u00e3o Francisco e Nossa Senhora Aparecida \u2013 celebra\u00e7\u00e3o e adora\u00e7\u00e3o, \u00e0s 19h30<br \/>Setor Matriz \u2013 Missa e adora\u00e7\u00e3o, \u00e0s 20h<\/p>\n<p>Sexta-feira Santa \u2013 25\/03<br \/>Setor Matriz \u2013 confiss\u00f5es das 8h \u00e0s 11h<br \/>Setor Matriz \u2013 Via-Sacra, \u00e0s 8h<br \/>Setores Nossa Senhora Aparecida e Matriz \u2013 celebra\u00e7\u00e3o da Paix\u00e3o, \u00e0s 15h<br \/>Setor Matriz \u2013 prociss\u00e3o do Senhor, \u00e0s 16h30<\/p>\n<p>S\u00e1bado Santo \u2013 26\/03<br \/>Setores S\u00e3o Francisco de Assis e Nossa Senhora Aparecida \u2013 Vig\u00edlia Pascal, \u00e0s 19h30<br \/>Setor Matriz \u2013 Vig\u00edlia Pascal e Missa, \u00e0s 20h<\/p>\n<p>Domingo de P\u00e1scoa \u2013 27\/03<br \/>Setor S\u00e3o Francisco \u2013Missa da Ressurrei\u00e7\u00e3o, \u00e0s 7h30<br \/>Setores Nossa Senhora das Gra\u00e7as e Matriz \u2013 Missa da Ressurrei\u00e7\u00e3o, \u00e0s 9h<br \/>Setor Nossa Senhora Aparecida \u2013 Missa da Ressurrei\u00e7\u00e3o, \u00e0s 10h15<br \/>Setor S\u00e3o Jo\u00e3o Batista \u2013 Celebra\u00e7\u00e3o da Ressurrei\u00e7\u00e3o, \u00e0s 17h30<br \/>Setor Santa Cec\u00edlia \u2013 Missa da Ressurrei\u00e7\u00e3o, \u00e0s 18h<br \/>Setor Matriz \u2013 Missa da Ressurrei\u00e7\u00e3o, \u00e0s 19h.<\/p>\n<p>Confira os endere\u00e7os dos setores que fazem parte da Par\u00f3quia S\u00e3o Paulo Ap\u00f3stolo:<\/p>\n<p>Matriz: Avenida Benedito Ottoni,582, centro<br \/>S\u00e3o Francisco de Assis: Rua Ars\u00eanio De Conti, 15,Jardim Cruzeiro<br \/>Nossa Senhora Aparecida: Rua Dion\u00edsio Dalbeto, 21, Parque Pampulha<br \/>S\u00e3o Jo\u00e3o Batista: Avenida Hil\u00e1rio Ramos, 610, Jardim Vienense<br \/>Nossa Senhora das Gra\u00e7as: Rua Francisco A. Peixoto Gomide, 291, Vila Honorina.<\/p>\n<p>Mais informa\u00e7\u00f5es pelos telefones (14) 3262-1237 ou (14) 99106-9063<br \/>&#8211; See more at: http:\/\/www.franciscanos.org.br\/?p=106311#sthash.h0jJOSTg.dpuf<\/p>\n<p style=\"text-align: justify;\">Fonte: Franciscanos<\/p>\n","protected":false},"excerpt":{"rendered":"<p>A Par\u00f3quia S\u00e3o Paulo Ap\u00f3stolo de Agudos celebrar\u00e1, entre os dias 20 a 27 de mar\u00e7o, a Semana Santa, com prociss\u00f5es, missas, b\u00ean\u00e7\u00e3os, confiss\u00f5es e a via-Sacra. Para o p\u00e1roco Frei Ademir Sanquetti, a Semana Santa \u00e9 per\u00edodo de reflex\u00e3o e recorda\u00e7\u00e3o dos \u00faltimos momentos de Jesus Cristo na vida terrena. \u201cEle, que nos transmitiu [&hellip;]<\/p>\n","protected":false},"author":1,"featured_media":0,"comment_status":"open","ping_status":"open","sticky":false,"template":"","format":"standard","meta":{"footnotes":""},"categories":[4],"tags":[],"class_list":["post-13895","post","type-post","status-publish","format-standard","hentry","category-cotidiano"],"_links":{"self":[{"href":"https:\/\/catolicanet.net\/wp-cnet\/wp-json\/wp\/v2\/posts\/13895","targetHints":{"allow":["GET"]}}],"collection":[{"href":"https:\/\/catolicanet.net\/wp-cnet\/wp-json\/wp\/v2\/posts"}],"about":[{"href":"https:\/\/catolicanet.net\/wp-cnet\/wp-json\/wp\/v2\/types\/post"}],"author":[{"embeddable":true,"href":"https:\/\/catolicanet.net\/wp-cnet\/wp-json\/wp\/v2\/users\/1"}],"replies":[{"embeddable":true,"href":"https:\/\/catolicanet.net\/wp-cnet\/wp-json\/wp\/v2\/comments?post=13895"}],"version-history":[{"count":1,"href":"https:\/\/catolicanet.net\/wp-cnet\/wp-json\/wp\/v2\/posts\/13895\/revisions"}],"predecessor-version":[{"id":26269,"href":"https:\/\/catolicanet.net\/wp-cnet\/wp-json\/wp\/v2\/posts\/13895\/revisions\/26269"}],"wp:attachment":[{"href":"https:\/\/catolicanet.net\/wp-cnet\/wp-json\/wp\/v2\/media?parent=13895"}],"wp:term":[{"taxonomy":"category","embeddable":true,"href":"https:\/\/catolicanet.net\/wp-cnet\/wp-json\/wp\/v2\/categories?post=13895"},{"taxonomy":"post_tag","embeddable":true,"href":"https:\/\/catolicanet.net\/wp-cnet\/wp-json\/wp\/v2\/tags?post=13895"}],"curies":[{"name":"wp","href":"https:\/\/api.w.org\/{rel}","templated":true}]}}