{"id":13894,"date":"2016-03-23T14:51:01","date_gmt":"2016-03-23T17:51:01","guid":{"rendered":"http:\/\/catolicanet.net\/wp-cnet\/2016\/03\/23\/francisco-pede-conversao-dos-fundamentalistas\/"},"modified":"2017-06-02T10:46:30","modified_gmt":"2017-06-02T13:46:30","slug":"francisco-pede-conversao-dos-fundamentalistas","status":"publish","type":"post","link":"https:\/\/catolicanet.net\/wp-cnet\/francisco-pede-conversao-dos-fundamentalistas\/","title":{"rendered":"Francisco pede convers\u00e3o dos fundamentalistas"},"content":{"rendered":"<p style=\"text-align: justify;\"><img decoding=\"async\" src=\"http:\/\/catolicanet.com.br\/images\/stories\/geral\/ap3370170_articolo.jpg\" border=\"0\" align=\"left\" \/>\u201cQue o Senhor converta o cora\u00e7\u00e3o das pessoas cegas pelo fundamentalismo cruel\u201d: esta foi a exorta\u00e7\u00e3o do Papa Francisco ao final da catequese na Audi\u00eancia Geral de quarta-feira (23\/03).<\/p>\n<p>Referindo-se aos atentados em Bruxelas, Francisco dirigiu um apelo a todas as pessoas de boa vontade para unirem-se numa un\u00e2nime condena\u00e7\u00e3o desses &#8220;cru\u00e9is abom\u00ednios, que est\u00e3o causando somente morte, terror e horror\u201d.<\/p>\n<p>\u201cA todos, pe\u00e7o para preservar na ora\u00e7\u00e3o e pedir ao Senhor nesta Semana Santa que conforte os cora\u00e7\u00f5es aflitos e converta os cora\u00e7\u00f5es dessas pessoas cegas pelo fundamentalismo cruel.\u201d<\/p>\n<p>Francisco convidou os fi\u00e9is presentes na Pra\u00e7a S. Pedro \u00e0 ora\u00e7\u00e3o e proximidade \u00e0 \u201cquerida popula\u00e7\u00e3o belga, a todos os familiares das v\u00edtimas e a todos os feridos\u201d. E rezou com os peregrinos uma Ave-Maria.<\/p>\n<p>No dia das explos\u00f5es (22\/03), o Pont\u00edfice enviou um telegrama de pesar ao Arcebispo de Bruxelas, condenando a \u201cviol\u00eancia cega\u201d.<\/p>\n<p style=\"text-align: justify;\">Fonte: R\u00e1dio Vaticano<\/p>\n","protected":false},"excerpt":{"rendered":"<p>\u201cQue o Senhor converta o cora\u00e7\u00e3o das pessoas cegas pelo fundamentalismo cruel\u201d: esta foi a exorta\u00e7\u00e3o do Papa Francisco ao final da catequese na Audi\u00eancia Geral de quarta-feira (23\/03). Referindo-se aos atentados em Bruxelas, Francisco dirigiu um apelo a todas as pessoas de boa vontade para unirem-se numa un\u00e2nime condena\u00e7\u00e3o desses &#8220;cru\u00e9is abom\u00ednios, que est\u00e3o [&hellip;]<\/p>\n","protected":false},"author":1,"featured_media":0,"comment_status":"open","ping_status":"open","sticky":false,"template":"","format":"standard","meta":{"footnotes":""},"categories":[3],"tags":[],"class_list":["post-13894","post","type-post","status-publish","format-standard","hentry","category-vaticano"],"_links":{"self":[{"href":"https:\/\/catolicanet.net\/wp-cnet\/wp-json\/wp\/v2\/posts\/13894","targetHints":{"allow":["GET"]}}],"collection":[{"href":"https:\/\/catolicanet.net\/wp-cnet\/wp-json\/wp\/v2\/posts"}],"about":[{"href":"https:\/\/catolicanet.net\/wp-cnet\/wp-json\/wp\/v2\/types\/post"}],"author":[{"embeddable":true,"href":"https:\/\/catolicanet.net\/wp-cnet\/wp-json\/wp\/v2\/users\/1"}],"replies":[{"embeddable":true,"href":"https:\/\/catolicanet.net\/wp-cnet\/wp-json\/wp\/v2\/comments?post=13894"}],"version-history":[{"count":1,"href":"https:\/\/catolicanet.net\/wp-cnet\/wp-json\/wp\/v2\/posts\/13894\/revisions"}],"predecessor-version":[{"id":27975,"href":"https:\/\/catolicanet.net\/wp-cnet\/wp-json\/wp\/v2\/posts\/13894\/revisions\/27975"}],"wp:attachment":[{"href":"https:\/\/catolicanet.net\/wp-cnet\/wp-json\/wp\/v2\/media?parent=13894"}],"wp:term":[{"taxonomy":"category","embeddable":true,"href":"https:\/\/catolicanet.net\/wp-cnet\/wp-json\/wp\/v2\/categories?post=13894"},{"taxonomy":"post_tag","embeddable":true,"href":"https:\/\/catolicanet.net\/wp-cnet\/wp-json\/wp\/v2\/tags?post=13894"}],"curies":[{"name":"wp","href":"https:\/\/api.w.org\/{rel}","templated":true}]}}