{"id":13884,"date":"2016-03-22T17:55:55","date_gmt":"2016-03-22T20:55:55","guid":{"rendered":"http:\/\/catolicanet.net\/wp-cnet\/2016\/03\/22\/inauguracao-de-museu-de-cera-contara-com-presenca-de-homenageados\/"},"modified":"2017-05-31T11:18:42","modified_gmt":"2017-05-31T14:18:42","slug":"inauguracao-de-museu-de-cera-contara-com-presenca-de-homenageados","status":"publish","type":"post","link":"https:\/\/catolicanet.net\/wp-cnet\/inauguracao-de-museu-de-cera-contara-com-presenca-de-homenageados\/","title":{"rendered":"Inaugura\u00e7\u00e3o de museu de cera contar\u00e1 com presen\u00e7a de homenageados"},"content":{"rendered":"<p style=\"text-align: justify;\"><img decoding=\"async\" src=\"http:\/\/catolicanet.com.br\/images\/stories\/geral\/museu_cera_thiago_leon.jpg\" border=\"0\" align=\"left\" \/>A cerim\u00f4nia de inaugura\u00e7\u00e3o do Museu de Cera Nossa Senhora Aparecida, nesta ter\u00e7a-feira (22), reservar\u00e1 um tempo em sua programa\u00e7\u00e3o para saudar parte dos homenageados que s\u00e3o retratados nas est\u00e1tuas de cera.<\/p>\n<p>Todos aqueles que est\u00e3o representados no Museu foram convidados a participar das festividades de abertura do espa\u00e7o. Os que receberam a homenagem p\u00f3stuma ser\u00e3o representados por familiares.<\/p>\n<p>Entre as 61 esculturas de cera do Museu, h\u00e1 a figura de bispos, padres e pol\u00edticos que colaboraram durante toda a hist\u00f3ria na consolida\u00e7\u00e3o da devo\u00e7\u00e3o a Nossa Senhora Aparecida. H\u00e1 tamb\u00e9m est\u00e1tuas que homenageiam personalidades que sempre propagaram sua devo\u00e7\u00e3o \u00e0 Padroeira do Brasil publicamente e que frequentemente visitam o Santu\u00e1rio Nacional.<\/p>\n<p>A programa\u00e7\u00e3o de inaugura\u00e7\u00e3o do Museu tem in\u00edcio \u00e0s 9h, com a celebra\u00e7\u00e3o de uma missa presidida pelo cardeal arcebispo de Aparecida, Dom Raymundo Damasceno Assis. <\/p>\n<p>Ap\u00f3s a celebra\u00e7\u00e3o, as autoridades e convidados presentes poder\u00e3o conhecer o mais novo atrativo tur\u00edstico oferecido aos devotos da M\u00e3e Aparecida. Na ocasi\u00e3o o administrador-ec\u00f4nomo do Santu\u00e1rio Nacional, Padre Daniel Antonio da Silva, atender\u00e1 a imprensa, dando detalhes sobre o novo empreendimento.<\/p>\n<p>O astronauta brasileiro, Marcos Pontes, e o apresentador do programa Terra da Padroeira, Tonho Prado, participam da festividade desde o in\u00edcio. Ao longo da manh\u00e3 mais homenageados tamb\u00e9m comparecer\u00e3o.<\/p>\n<p>Hist\u00f3ria de Nossa Senhora<\/p>\n<p>O Museu de Cera Nossa Senhora Aparecida possui aproximadamente seis mil metros quadrados e re\u00fane 61 est\u00e1tuas em tamanho natural, divididas em 20 cen\u00e1rios diferentes, que remontam a hist\u00f3ria de f\u00e9 e devo\u00e7\u00e3o a Nossa Senhora. <\/p>\n<p>As pe\u00e7as retratam fatos e acontecimentos desde o encontro da imagem nas \u00e1guas do Rio Para\u00edba, passando pelos milagres atribu\u00eddos a Santa, at\u00e9 os momentos mais recentes dessa trajet\u00f3ria. <\/p>\n<p>No passeio repleto de efeitos sensoriais, o visitante \u00e9 levado a uma viagem no tempo, conhecendo as personalidades hist\u00f3ricas, pol\u00edticas e religiosas, que tiveram a vida ligada a imagem da Santa. <\/p>\n<p>As est\u00e1tuas feitas em tamanho natural foram produzidas por ateli\u00eas especializados e retratam santos, papas, reis, nobres, presidentes da rep\u00fablica, religiosos, devotos e alguns nomes contempor\u00e2neos dessa hist\u00f3ria. <\/p>\n<p>O empreendimento \u00e9 uma iniciativa do Santu\u00e1rio Nacional em parceria com a empresa Rex Turismo, que possui museus de cera nas cidades de Gramado-RS, Foz do Igua\u00e7u-PR e em Cancun, no M\u00e9xico. O espa\u00e7o fica no p\u00e1tio do Santu\u00e1rio Nacional, ao lado do Centro de Apoio ao Romeiro. <\/p>\n<p>O funcionamento \u00e9 de segunda \u00e0 sexta-feira, no hor\u00e1rio das 9h \u00e0s 18h, s\u00e1bados das 7h \u00e0s 19h e domingos e feriados das 7h \u00e0s 18h. O ingresso custa R$ 24, sem limite para perman\u00eancia. H\u00e1 desconto de 50% para idosos, estudantes e portadores de necessidades especiais.<\/p>\n<p>O Museu em n\u00fameros:<\/p>\n<p>\u2022 Dimens\u00e3o: 5.979,47 m\u00b2 de \u00e1rea constru\u00edda<\/p>\n<p>\u2022 Total de pe\u00e7as: 61<\/p>\n<p>\u2022 Cen\u00e1rios: 20<\/p>\n<p>\u2022 Hor\u00e1rio de Funcionamento: segunda \u00e0 sexta-feira, das 9h \u00e0s 18h; s\u00e1bados das 7h \u00e0s 19h e domingos e feriados das 7h \u00e0s 18h.<\/p>\n<p>\u2022 Valor da entrada: R$ 24,00 (desconto de 50% para idosos, estudantes, e portadores de necessidades especiais)<\/p>\n<p>Informa\u00e7\u00f5es: Wilson Silvaston<\/p>\n<p>(12) 99104-4539<\/p>\n<p>Fonte: Santu\u00e1rio Nacional<\/p>\n","protected":false},"excerpt":{"rendered":"<p>A cerim\u00f4nia de inaugura\u00e7\u00e3o do Museu de Cera Nossa Senhora Aparecida, nesta ter\u00e7a-feira (22), reservar\u00e1 um tempo em sua programa\u00e7\u00e3o para saudar parte dos homenageados que s\u00e3o retratados nas est\u00e1tuas de cera. Todos aqueles que est\u00e3o representados no Museu foram convidados a participar das festividades de abertura do espa\u00e7o. Os que receberam a homenagem p\u00f3stuma [&hellip;]<\/p>\n","protected":false},"author":1,"featured_media":0,"comment_status":"open","ping_status":"open","sticky":false,"template":"","format":"standard","meta":{"footnotes":""},"categories":[4],"tags":[],"class_list":["post-13884","post","type-post","status-publish","format-standard","hentry","category-cotidiano"],"_links":{"self":[{"href":"https:\/\/catolicanet.net\/wp-cnet\/wp-json\/wp\/v2\/posts\/13884","targetHints":{"allow":["GET"]}}],"collection":[{"href":"https:\/\/catolicanet.net\/wp-cnet\/wp-json\/wp\/v2\/posts"}],"about":[{"href":"https:\/\/catolicanet.net\/wp-cnet\/wp-json\/wp\/v2\/types\/post"}],"author":[{"embeddable":true,"href":"https:\/\/catolicanet.net\/wp-cnet\/wp-json\/wp\/v2\/users\/1"}],"replies":[{"embeddable":true,"href":"https:\/\/catolicanet.net\/wp-cnet\/wp-json\/wp\/v2\/comments?post=13884"}],"version-history":[{"count":1,"href":"https:\/\/catolicanet.net\/wp-cnet\/wp-json\/wp\/v2\/posts\/13884\/revisions"}],"predecessor-version":[{"id":26276,"href":"https:\/\/catolicanet.net\/wp-cnet\/wp-json\/wp\/v2\/posts\/13884\/revisions\/26276"}],"wp:attachment":[{"href":"https:\/\/catolicanet.net\/wp-cnet\/wp-json\/wp\/v2\/media?parent=13884"}],"wp:term":[{"taxonomy":"category","embeddable":true,"href":"https:\/\/catolicanet.net\/wp-cnet\/wp-json\/wp\/v2\/categories?post=13884"},{"taxonomy":"post_tag","embeddable":true,"href":"https:\/\/catolicanet.net\/wp-cnet\/wp-json\/wp\/v2\/tags?post=13884"}],"curies":[{"name":"wp","href":"https:\/\/api.w.org\/{rel}","templated":true}]}}