{"id":13876,"date":"2016-03-22T16:59:25","date_gmt":"2016-03-22T19:59:25","guid":{"rendered":"http:\/\/catolicanet.net\/wp-cnet\/2016\/03\/22\/papa-vai-lavar-os-pes-de-refugiados-na-quinta-feira-santa\/"},"modified":"2017-06-02T13:09:43","modified_gmt":"2017-06-02T16:09:43","slug":"papa-vai-lavar-os-pes-de-refugiados-na-quinta-feira-santa","status":"publish","type":"post","link":"https:\/\/catolicanet.net\/wp-cnet\/papa-vai-lavar-os-pes-de-refugiados-na-quinta-feira-santa\/","title":{"rendered":"Papa vai lavar os p\u00e9s de refugiados na Quinta-feira Santa"},"content":{"rendered":"<p style=\"text-align: justify;\"><img decoding=\"async\" src=\"http:\/\/catolicanet.com.br\/images\/stories\/geral\/ansa937685_articolo.jpg\" border=\"0\" align=\"left\" \/>O Papa Francisco vai lavar os p\u00e9s de 12 refugiados e refugiadas na pr\u00f3xima Quinta-feira Santa, durante o rito do lava-p\u00e9s na Santa Missa da Ceia do Senhor. Foi o que anunciou nesta ter\u00e7a-feira a Sala de Imprensa da Santa S\u00e9. A celebra\u00e7\u00e3o da tarde de Quinta-feira Santa, in\u00edcio do Tr\u00edduo Pascal, vai se realizar no centro de requerentes de asilo de \u201cCastelnuovo di Porto\u201d, periferia norte de Roma, que acolhe, sobretudo, jovens refugiados.<\/p>\n<p>O Diretor da Sala de Imprensa da Santa S\u00e9, Padre Federico Lombardi, disse aos jornalistas que n\u00e3o est\u00e3o previstas quaisquer altera\u00e7\u00f5es ao programa de celebra\u00e7\u00f5es da Semana Santa, apesar dos atentados desta ter\u00e7a-feira em Bruxelas.<\/p>\n<p>A decis\u00e3o do Papa<\/p>\n<p>A decis\u00e3o de celebrar a Missa da Ceia do Senhor, com o rito do lava-p\u00e9s, fora do Vaticano j\u00e1 \u00e9 uma tradi\u00e7\u00e3o no atual pontificado: em 2015, Francisco foi ao complexo de Rebibbia, onde lavou os p\u00e9s de alguns detentos, homens e mulheres. Em 2014, o Santo Padre deslocou-se ao Centro \u2018Santa Maria della Provvidenza\u2019, da Funda\u00e7\u00e3o Don Carlo Gnocchi, destinado \u00e0 reabilita\u00e7\u00e3o de pessoas com defici\u00eancia e idosos; em 2013 esteve em uma casa de deten\u00e7\u00e3o juvenil da capital italiana.<\/p>\n<p>Mudan\u00e7a no rito<\/p>\n<p>Uma das mudan\u00e7as promovidas pelo Papa Francisco, em n\u00edvel lit\u00fargico, foi a decis\u00e3o anunciada este ano de modificar o rito do Missal Romano relativo ao lava-p\u00e9s, estabelecendo que a participa\u00e7\u00e3o no mesmo n\u00e3o seja limitada s\u00f3 aos homens e jovens.<\/p>\n<p>A Congrega\u00e7\u00e3o para o Culto Divino e a Disciplina dos Sacramentos publicou o Decreto que comunicou a mudan\u00e7a decidida pelo Papa, que altera a pr\u00e1tica estabelecida em 1955, sobre a reforma da Semana Santa.<\/p>\n<p>O Missal Romano passa a deixar de fazer refer\u00eancia aos \u201chomens escolhidos\u201d, passando a falar nos \u201cescolhidos entre o povo de Deus\u201d, de maneira que os respons\u00e1veis pelas comunidades cat\u00f3licas \u201cpossam escolher um grupo de fi\u00e9is que represente a variedade e a unidade de cada por\u00e7\u00e3o do povo de Deus\u201d.<\/p>\n<p style=\"text-align: justify;\">Fonte: R\u00e1dio Vaticano<\/p>\n<p style=\"text-align: justify;\">\u00a0<\/p>\n","protected":false},"excerpt":{"rendered":"<p>O Papa Francisco vai lavar os p\u00e9s de 12 refugiados e refugiadas na pr\u00f3xima Quinta-feira Santa, durante o rito do lava-p\u00e9s na Santa Missa da Ceia do Senhor. Foi o que anunciou nesta ter\u00e7a-feira a Sala de Imprensa da Santa S\u00e9. A celebra\u00e7\u00e3o da tarde de Quinta-feira Santa, in\u00edcio do Tr\u00edduo Pascal, vai se realizar [&hellip;]<\/p>\n","protected":false},"author":1,"featured_media":0,"comment_status":"open","ping_status":"open","sticky":false,"template":"","format":"standard","meta":{"footnotes":""},"categories":[3],"tags":[],"class_list":["post-13876","post","type-post","status-publish","format-standard","hentry","category-vaticano"],"_links":{"self":[{"href":"https:\/\/catolicanet.net\/wp-cnet\/wp-json\/wp\/v2\/posts\/13876","targetHints":{"allow":["GET"]}}],"collection":[{"href":"https:\/\/catolicanet.net\/wp-cnet\/wp-json\/wp\/v2\/posts"}],"about":[{"href":"https:\/\/catolicanet.net\/wp-cnet\/wp-json\/wp\/v2\/types\/post"}],"author":[{"embeddable":true,"href":"https:\/\/catolicanet.net\/wp-cnet\/wp-json\/wp\/v2\/users\/1"}],"replies":[{"embeddable":true,"href":"https:\/\/catolicanet.net\/wp-cnet\/wp-json\/wp\/v2\/comments?post=13876"}],"version-history":[{"count":1,"href":"https:\/\/catolicanet.net\/wp-cnet\/wp-json\/wp\/v2\/posts\/13876\/revisions"}],"predecessor-version":[{"id":28407,"href":"https:\/\/catolicanet.net\/wp-cnet\/wp-json\/wp\/v2\/posts\/13876\/revisions\/28407"}],"wp:attachment":[{"href":"https:\/\/catolicanet.net\/wp-cnet\/wp-json\/wp\/v2\/media?parent=13876"}],"wp:term":[{"taxonomy":"category","embeddable":true,"href":"https:\/\/catolicanet.net\/wp-cnet\/wp-json\/wp\/v2\/categories?post=13876"},{"taxonomy":"post_tag","embeddable":true,"href":"https:\/\/catolicanet.net\/wp-cnet\/wp-json\/wp\/v2\/tags?post=13876"}],"curies":[{"name":"wp","href":"https:\/\/api.w.org\/{rel}","templated":true}]}}