{"id":13875,"date":"2016-03-22T16:51:52","date_gmt":"2016-03-22T19:51:52","guid":{"rendered":"http:\/\/catolicanet.net\/wp-cnet\/2016\/03\/22\/em-telegrama-a-bruxelas-papa-condena-violencia-cega\/"},"modified":"2017-06-02T10:28:52","modified_gmt":"2017-06-02T13:28:52","slug":"em-telegrama-a-bruxelas-papa-condena-violencia-cega","status":"publish","type":"post","link":"https:\/\/catolicanet.net\/wp-cnet\/em-telegrama-a-bruxelas-papa-condena-violencia-cega\/","title":{"rendered":"Em telegrama a Bruxelas, Papa condena \u201cviol\u00eancia cega\u201d"},"content":{"rendered":"<p style=\"text-align: justify;\"><img decoding=\"async\" src=\"http:\/\/catolicanet.com.br\/images\/stories\/geral\/epa2013022_articolo.jpg\" border=\"0\" align=\"left\" \/>\u201cO Santo Padre condena novamente a viol\u00eancia cega que causa tanto sofrimento\u201d, l\u00ea-se no telegrama enviado pela Secretaria de Estado ao Arcebispo de Bruxelas, Dom Jozef De Kesel, na manh\u00e3 em que a capital belga sofreu tr\u00eas ataques terroristas a bomba.<\/p>\n<p>\u201cO Papa Francisco confia as v\u00edtimas \u00e0 miseric\u00f3rdia de Deus e une-se em ora\u00e7\u00e3o \u00e0 dor dos familiares\u201d, prossegue o texto assinado pelo Cardeal Pietro Parolin.<\/p>\n<p>A mensagem termina afirmando que Francisco \u201cimplora a Deus o dom da paz, e invoca sobre as fam\u00edlias e todos os belgas as b\u00ean\u00e7\u00e3os divinas\u201d.<\/p>\n<p style=\"text-align: justify;\">Fonte: R\u00e1dio Vaticano<\/p>\n","protected":false},"excerpt":{"rendered":"<p>\u201cO Santo Padre condena novamente a viol\u00eancia cega que causa tanto sofrimento\u201d, l\u00ea-se no telegrama enviado pela Secretaria de Estado ao Arcebispo de Bruxelas, Dom Jozef De Kesel, na manh\u00e3 em que a capital belga sofreu tr\u00eas ataques terroristas a bomba. \u201cO Papa Francisco confia as v\u00edtimas \u00e0 miseric\u00f3rdia de Deus e une-se em ora\u00e7\u00e3o [&hellip;]<\/p>\n","protected":false},"author":1,"featured_media":0,"comment_status":"open","ping_status":"open","sticky":false,"template":"","format":"standard","meta":{"footnotes":""},"categories":[3],"tags":[],"class_list":["post-13875","post","type-post","status-publish","format-standard","hentry","category-vaticano"],"_links":{"self":[{"href":"https:\/\/catolicanet.net\/wp-cnet\/wp-json\/wp\/v2\/posts\/13875","targetHints":{"allow":["GET"]}}],"collection":[{"href":"https:\/\/catolicanet.net\/wp-cnet\/wp-json\/wp\/v2\/posts"}],"about":[{"href":"https:\/\/catolicanet.net\/wp-cnet\/wp-json\/wp\/v2\/types\/post"}],"author":[{"embeddable":true,"href":"https:\/\/catolicanet.net\/wp-cnet\/wp-json\/wp\/v2\/users\/1"}],"replies":[{"embeddable":true,"href":"https:\/\/catolicanet.net\/wp-cnet\/wp-json\/wp\/v2\/comments?post=13875"}],"version-history":[{"count":1,"href":"https:\/\/catolicanet.net\/wp-cnet\/wp-json\/wp\/v2\/posts\/13875\/revisions"}],"predecessor-version":[{"id":27914,"href":"https:\/\/catolicanet.net\/wp-cnet\/wp-json\/wp\/v2\/posts\/13875\/revisions\/27914"}],"wp:attachment":[{"href":"https:\/\/catolicanet.net\/wp-cnet\/wp-json\/wp\/v2\/media?parent=13875"}],"wp:term":[{"taxonomy":"category","embeddable":true,"href":"https:\/\/catolicanet.net\/wp-cnet\/wp-json\/wp\/v2\/categories?post=13875"},{"taxonomy":"post_tag","embeddable":true,"href":"https:\/\/catolicanet.net\/wp-cnet\/wp-json\/wp\/v2\/tags?post=13875"}],"curies":[{"name":"wp","href":"https:\/\/api.w.org\/{rel}","templated":true}]}}