{"id":13869,"date":"2016-03-21T18:40:17","date_gmt":"2016-03-21T21:40:17","guid":{"rendered":"http:\/\/catolicanet.net\/wp-cnet\/2016\/03\/21\/membros-das-dioceses-do-regional-centro-oeste-tem-formacao-sobre-motu-proprio-sobre-o-matrimonio\/"},"modified":"2017-05-31T11:18:43","modified_gmt":"2017-05-31T14:18:43","slug":"membros-das-dioceses-do-regional-centro-oeste-tem-formacao-sobre-motu-proprio-sobre-o-matrimonio","status":"publish","type":"post","link":"https:\/\/catolicanet.net\/wp-cnet\/membros-das-dioceses-do-regional-centro-oeste-tem-formacao-sobre-motu-proprio-sobre-o-matrimonio\/","title":{"rendered":"Membros das dioceses do regional Centro-Oeste t\u00eam forma\u00e7\u00e3o sobre Motu Proprio sobre o matrim\u00f4nio"},"content":{"rendered":"<p style=\"text-align: justify;\"><img decoding=\"async\" src=\"http:\/\/catolicanet.com.br\/images\/stories\/geral\/moto_centrooeste.jpg\" border=\"0\" align=\"left\" \/>Especialista em Direito Can\u00f4nico contextualizou o documento aos participantes<\/p>\n<p>Representantes das dioceses do regional Centro-Oeste da Confer\u00eancia Nacional dos Bispos do Brasil (CNBB) participaram de forma\u00e7\u00e3o sobre o Motu Proprio do papa Francisco, Mitis Iudex Dominus Iesus (O Senhor Jesus, Juiz clemente) a respeito da reforma do processo can\u00f4nico para as causas de declara\u00e7\u00e3o de nulidade do matrim\u00f4nio no C\u00f3digo de Direito Can\u00f4nico. O encontro reuniu bispos, padres, religiosas e leigos na sede do regional, em Goi\u00e2nia, nos dias 15 e 16 de mar\u00e7o.<\/p>\n<p>Para o presidente do regional e bispo de Urua\u00e7u (GO), dom Messias dos Reis Silveira, a forma\u00e7\u00e3o foi muito esclarecedora. &#8220;A partir de agora, n\u00f3s estamos mais capacitados para orientar e dar passos com os nossos tribunais eclesi\u00e1sticos, al\u00e9m de buscar meios de formar canonistas para nos ajudar na celeridade dos processos, conforme pede o Motu Proprio\u201d, disse. <\/p>\n<p>Segundo o bispo referencial da Pastoral Familiar no regional, dom Jo\u00e3o Wilk, o curso foi v\u00e1lido pois tratou de quest\u00f5es que aparecem todos os dias nas c\u00e2maras eclesi\u00e1sticas das dioceses e tamb\u00e9m nos tribunais eclesi\u00e1sticos das prov\u00edncias de Bras\u00edlia e Goi\u00e2nia. \u201cFoi uma oportunidade de aprofundar quest\u00f5es duvidosas e desconhecidas para que possamos agir com mais seguran\u00e7a com os processos\u201d, completou. <\/p>\n<p>O encontro foi assessorado pelo mission\u00e1rio claretiano de Curitiba (PR) e doutor em Direito Can\u00f4nico, padre Valdinei de Jesus Ribeiro. O especialista fez uma contextualiza\u00e7\u00e3o hist\u00f3rica do documento e lembrou a import\u00e2ncia do S\u00ednodo dos Bispos sobre a Fam\u00edlia. Outro ponto destacado pelo padre foi a justificativa para a reforma do processo. <\/p>\n<p>\u201cA Igreja, consciente de que sua miss\u00e3o \u00e9 comunicar a gra\u00e7a para o bem dos fi\u00e9is, assumiu a reforma a partir do papa Francisco, deixando completamente a salvo o princ\u00edpio da indissolubilidade do v\u00ednculo matrimonial, no esfor\u00e7o maior de dar celeridade aos processos e assim amenizar o sofrimento de tantas pessoas que aguardam a resolu\u00e7\u00e3o de sua situa\u00e7\u00e3o matrimonial\u201d, explicou.<\/p>\n<p>Durante o encontro foram analisados tamb\u00e9m os oito crit\u00e9rios que nortearam a reforma e orientaram o estudo dos artigos do documento que abordam a pastoral judici\u00e1ria e os c\u00e2nones. Por fim foi estudado de forma concisa o processo document\u00e1rio da reforma. <\/p>\n<p>\u201cEssa reforma chega para que as decis\u00f5es sejam tomadas em tempo razo\u00e1vel, favorecendo a celeridade e n\u00e3o a nulidade dos processos, mas \u00e9 importante deixar claro que n\u00e3o h\u00e1 novos casos e novas possibilidades de nulidade. Isso n\u00e3o mudou. A normativa s\u00f3 se ocupa dos processos\u201d, disse o padre com rela\u00e7\u00e3o ao conte\u00fado fundamental do documento. <\/p>\n<p>Aos participantes do curso, o especialista deixou claro que n\u00e3o \u00e9 preciso afli\u00e7\u00e3o das igrejas particulares no sentido de tentarem aplicar o Motu Proprio imediatamente. \u201c\u00c9 o momento de organizar, preparar o material humano, fortalecer os tribunais eclesi\u00e1sticos e fomentar uma pastoral judici\u00e1ria que acolha os fi\u00e9is\u201d, ressaltou.<\/p>\n<p>Com informa\u00e7\u00f5es e foto do regional Centro-Oeste<\/p>\n<p style=\"text-align: justify;\">Fonte: CNBB<\/p>\n","protected":false},"excerpt":{"rendered":"<p>Especialista em Direito Can\u00f4nico contextualizou o documento aos participantes Representantes das dioceses do regional Centro-Oeste da Confer\u00eancia Nacional dos Bispos do Brasil (CNBB) participaram de forma\u00e7\u00e3o sobre o Motu Proprio do papa Francisco, Mitis Iudex Dominus Iesus (O Senhor Jesus, Juiz clemente) a respeito da reforma do processo can\u00f4nico para as causas de declara\u00e7\u00e3o de [&hellip;]<\/p>\n","protected":false},"author":1,"featured_media":0,"comment_status":"open","ping_status":"open","sticky":false,"template":"","format":"standard","meta":{"footnotes":""},"categories":[4],"tags":[],"class_list":["post-13869","post","type-post","status-publish","format-standard","hentry","category-cotidiano"],"_links":{"self":[{"href":"https:\/\/catolicanet.net\/wp-cnet\/wp-json\/wp\/v2\/posts\/13869","targetHints":{"allow":["GET"]}}],"collection":[{"href":"https:\/\/catolicanet.net\/wp-cnet\/wp-json\/wp\/v2\/posts"}],"about":[{"href":"https:\/\/catolicanet.net\/wp-cnet\/wp-json\/wp\/v2\/types\/post"}],"author":[{"embeddable":true,"href":"https:\/\/catolicanet.net\/wp-cnet\/wp-json\/wp\/v2\/users\/1"}],"replies":[{"embeddable":true,"href":"https:\/\/catolicanet.net\/wp-cnet\/wp-json\/wp\/v2\/comments?post=13869"}],"version-history":[{"count":1,"href":"https:\/\/catolicanet.net\/wp-cnet\/wp-json\/wp\/v2\/posts\/13869\/revisions"}],"predecessor-version":[{"id":26278,"href":"https:\/\/catolicanet.net\/wp-cnet\/wp-json\/wp\/v2\/posts\/13869\/revisions\/26278"}],"wp:attachment":[{"href":"https:\/\/catolicanet.net\/wp-cnet\/wp-json\/wp\/v2\/media?parent=13869"}],"wp:term":[{"taxonomy":"category","embeddable":true,"href":"https:\/\/catolicanet.net\/wp-cnet\/wp-json\/wp\/v2\/categories?post=13869"},{"taxonomy":"post_tag","embeddable":true,"href":"https:\/\/catolicanet.net\/wp-cnet\/wp-json\/wp\/v2\/tags?post=13869"}],"curies":[{"name":"wp","href":"https:\/\/api.w.org\/{rel}","templated":true}]}}