{"id":13863,"date":"2016-03-21T14:06:14","date_gmt":"2016-03-21T17:06:14","guid":{"rendered":"http:\/\/catolicanet.net\/wp-cnet\/2016\/03\/21\/papa-aos-jovens-qeu-os-aguardo-numerosos-em-cracoviaq\/"},"modified":"2017-06-02T11:42:44","modified_gmt":"2017-06-02T14:42:44","slug":"papa-aos-jovens-qeu-os-aguardo-numerosos-em-cracoviaq","status":"publish","type":"post","link":"https:\/\/catolicanet.net\/wp-cnet\/papa-aos-jovens-qeu-os-aguardo-numerosos-em-cracoviaq\/","title":{"rendered":"Papa aos jovens: &#8220;Eu os aguardo numerosos em Crac\u00f3via!&#8221;"},"content":{"rendered":"<p style=\"text-align: justify;\"><img decoding=\"async\" src=\"http:\/\/catolicanet.com.br\/images\/stories\/geral\/ap3366430_articolo.jpg\" border=\"0\" align=\"left\" \/>Ap\u00f3s a celebra\u00e7\u00e3o da Missa neste Domingo de Ramos, o Papa rezou o Angelus com os fi\u00e9is reunidos na Pra\u00e7a S. Pedro.<\/p>\n<p>A alocu\u00e7\u00e3o que precedeu a ora\u00e7\u00e3o mariana foi dedicada \u00e0 31\u00aa Jornada Mundial da Juventude, que se celebra este domingo em n\u00edvel diocesano e que culminar\u00e1 no final de julho no Encontro mundial em Crac\u00f3via. O tema desta edi\u00e7\u00e3o \u00e9 \u201cFelizes os misericordiosos porque alcan\u00e7ar\u00e3o miseric\u00f3rdia\u201d.<\/p>\n<p>Ao saudar os jovens presentes na Pra\u00e7a, estendendo sua sauda\u00e7\u00e3o a todos os jovens do mundo, Francisco fez votos de que possam participar numerosos da JMJ de Crac\u00f3via, \u201cp\u00e1tria de S. Jo\u00e3o Paulo II\u201d, idealizador das Jornadas. \u201c\u00c0 sua intercess\u00e3o, confiamos os \u00faltimos meses de prepara\u00e7\u00e3o desta peregrina\u00e7\u00e3o que, no \u00e2mbito do Ano Santo da Miseric\u00f3rdia, ser\u00e1 o Jubileu dos jovens.\u201d<\/p>\n<p>Na Pra\u00e7a estavam presentes in\u00fameros volunt\u00e1rios da JMJ de Crac\u00f3via. \u201cAo regressarem \u00e0 Pol\u00f4nia, levar\u00e3o aos respons\u00e1veis da na\u00e7\u00e3o os ramos de oliveira provenientes de Jerusal\u00e9m, Assis e Monteccasino e aben\u00e7oados nesta Pra\u00e7a, como convite a cultivar prop\u00f3sitos de paz, de reconcilia\u00e7\u00e3o e de fraternidade. Prossigam com coragem!\u201d<\/p>\n<p>Por fim, Francisco pediu a intercess\u00e3o de Nossa Senhora, para que nos ajude a viver com intensidade espiritual a Semana Santa. Ap\u00f3s a b\u00ean\u00e7\u00e3o final, o Papa saudou a multid\u00e3o a bordo do seu papam\u00f3vel.<\/p>\n<p>Fonte: R\u00e1dio Vaticano<\/p>\n","protected":false},"excerpt":{"rendered":"<p>Ap\u00f3s a celebra\u00e7\u00e3o da Missa neste Domingo de Ramos, o Papa rezou o Angelus com os fi\u00e9is reunidos na Pra\u00e7a S. Pedro. A alocu\u00e7\u00e3o que precedeu a ora\u00e7\u00e3o mariana foi dedicada \u00e0 31\u00aa Jornada Mundial da Juventude, que se celebra este domingo em n\u00edvel diocesano e que culminar\u00e1 no final de julho no Encontro mundial [&hellip;]<\/p>\n","protected":false},"author":1,"featured_media":0,"comment_status":"open","ping_status":"open","sticky":false,"template":"","format":"standard","meta":{"footnotes":""},"categories":[3],"tags":[],"class_list":["post-13863","post","type-post","status-publish","format-standard","hentry","category-vaticano"],"_links":{"self":[{"href":"https:\/\/catolicanet.net\/wp-cnet\/wp-json\/wp\/v2\/posts\/13863","targetHints":{"allow":["GET"]}}],"collection":[{"href":"https:\/\/catolicanet.net\/wp-cnet\/wp-json\/wp\/v2\/posts"}],"about":[{"href":"https:\/\/catolicanet.net\/wp-cnet\/wp-json\/wp\/v2\/types\/post"}],"author":[{"embeddable":true,"href":"https:\/\/catolicanet.net\/wp-cnet\/wp-json\/wp\/v2\/users\/1"}],"replies":[{"embeddable":true,"href":"https:\/\/catolicanet.net\/wp-cnet\/wp-json\/wp\/v2\/comments?post=13863"}],"version-history":[{"count":1,"href":"https:\/\/catolicanet.net\/wp-cnet\/wp-json\/wp\/v2\/posts\/13863\/revisions"}],"predecessor-version":[{"id":28286,"href":"https:\/\/catolicanet.net\/wp-cnet\/wp-json\/wp\/v2\/posts\/13863\/revisions\/28286"}],"wp:attachment":[{"href":"https:\/\/catolicanet.net\/wp-cnet\/wp-json\/wp\/v2\/media?parent=13863"}],"wp:term":[{"taxonomy":"category","embeddable":true,"href":"https:\/\/catolicanet.net\/wp-cnet\/wp-json\/wp\/v2\/categories?post=13863"},{"taxonomy":"post_tag","embeddable":true,"href":"https:\/\/catolicanet.net\/wp-cnet\/wp-json\/wp\/v2\/tags?post=13863"}],"curies":[{"name":"wp","href":"https:\/\/api.w.org\/{rel}","templated":true}]}}