{"id":13856,"date":"2016-03-21T13:27:21","date_gmt":"2016-03-21T16:27:21","guid":{"rendered":"http:\/\/catolicanet.net\/wp-cnet\/2016\/03\/21\/as-dores-de-nossa-senhora-2\/"},"modified":"2017-05-08T15:01:05","modified_gmt":"2017-05-08T18:01:05","slug":"as-dores-de-nossa-senhora-2","status":"publish","type":"post","link":"https:\/\/catolicanet.net\/wp-cnet\/as-dores-de-nossa-senhora-2\/","title":{"rendered":"As Dores de Nossa Senhora"},"content":{"rendered":"<p style=\"text-align: justify;\">Dentro da tradi\u00e7\u00e3o cat\u00f3lica de suas celebra\u00e7\u00f5es ligadas \u00e0 piedade popular do tempo quaresmal se celebra, na semana que antecede a Semana Santa, a Semana das Dores, celebrando as Dores de Nossa Senhora. Tamb\u00e9m durante a Semana Santa essa tradi\u00e7\u00e3o \u00e9 contemplada em muitas celebra\u00e7\u00f5es. A Coroa das Sete Dores de Nossa Senhora relembra as principais dores que a Virgem Maria sofreu em sua vida terrena, culminando com a paix\u00e3o, morte e sepultamento de Seu Divino Filho. E \u00e9 junto \u00e0 Cruz que a M\u00e3e de Jesus torna-se M\u00e3e de todos os homens e do corpo M\u00edstico de Cristo: a Igreja Cat\u00f3lica. Unir-se \u00e0s dores de Maria \u00e9 unir-se tamb\u00e9m \u00e0s dores de Nosso Senhor Jesus Cristo. Onde est\u00e1 a m\u00e3e est\u00e1 tamb\u00e9m o Filho.<br \/> 1\u00aa. Dor &#8211; Apresenta\u00e7\u00e3o de meu Filho no templo<br \/>Nesta primeira dor veremos como meu cora\u00e7\u00e3o foi transpassado por uma espada, quando Sime\u00e3o profetizou que meu Filho seria a salva\u00e7\u00e3o de muitos, mas tamb\u00e9m serviria para ru\u00edna de outros. A virtude que aprendereis nesta dor \u00e9 a da santa obedi\u00eancia. <br \/>Ao ouvir essa profecia Maria continuou firme na f\u00e9, confiando no Senhor: \u201cEm v\u00f3s confio\u201d. Quem confia em Deus jamais ser\u00e1 confundido. Nas vossas penas, nas vossas ang\u00fastias, confiai em Deus e jamais vos arrependereis dessa confian\u00e7a. Mesmo prevendo dores e sofrimentos em procurar fazer a vontade de Deus, continuemos firmes e confiantes no Senhor.<br \/> 2\u00aa. Dor &#8211; A fuga para o Egito<br \/>Ap\u00f3s o nascimento de Jesus, o Rei Herodes quis mat\u00e1-Lo e, por causa disso, um anjo do Senhor apareceu a S\u00e3o Jos\u00e9 e disse: &#8220;Levanta-te, toma o menino e sua m\u00e3e e foge para o Egito; fica l\u00e1 at\u00e9 que eu te avise&#8221;. Obediente, &#8220;Jos\u00e9 levantou-se durante a noite, tomou o menino e sua m\u00e3e e partiu para o Egito.&#8221; (Mt 2, 13-14). <br \/>Unidos \u00e0 dor que Maria sentiu nessa ocasi\u00e3o, pe\u00e7amos for\u00e7as e gra\u00e7as para suportarmos com paci\u00eancia as dores de nossas vidas, e para nos mantermos afastados dos pecados. Estejamos unidos a tantos que sofrem persegui\u00e7\u00e3o e s\u00e3o obrigados a fugir de seus pa\u00edses.<br \/>3\u00aa Dor &#8211; Perda do Menino Jesus<br \/>A dor de Maria pela perda de Jesus foi sem d\u00favida uma das mais acerbas; porque ela ent\u00e3o sofria longe do Filho, e a humildade fazia-lhe crer que Ele se tinha apartado dela por causa de alguma neglig\u00eancia sua. Sirva-nos esta dor de conforto nas desola\u00e7\u00f5es espirituais, e ensine-nos o modo de buscarmos a Deus, se jamais para nossa desgra\u00e7a viermos a perd\u00ea-Lo por nossa culpa. <br \/>Aqui nos unimos a tantas situa\u00e7\u00f5es de fam\u00edlias que \u201cperdem\u201d seus filhos em tantas depend\u00eancias e situa\u00e7\u00f5es. Somente no retorno ao Senhor representando pelo templo \u00e9 que ser\u00e3o reencontrados.<br \/>4\u00aa. Dor &#8211; Doloroso encontro no caminho do Calv\u00e1rio<br \/>Um dos momentos mais pungentes da Paix\u00e3o \u00e9 o encontro de Jesus com Sua M\u00e3e no caminho do Calv\u00e1rio. Na ocasi\u00e3o, a troca de olhar com o Filho, a constata\u00e7\u00e3o das crueldades que Ele estava sofrendo, tudo causava imensa dor no Seu Cora\u00e7\u00e3o de M\u00e3e. Unidos \u00e0 dor que Maria sentiu nesta ocasi\u00e3o, pe\u00e7amos for\u00e7as e gra\u00e7as para suportarmos com paci\u00eancia todas as dores de nossas vidas, e para nos mantermos afastados do pecado.<br \/>N\u00f3s nos unimos \u00e0 dor de tantas m\u00e3es que trocam olhares com seus filhos que carregam tantas cruzes e tantas dores no mundo de hoje.<br \/> 5\u00aa. Dor &#8211; Aos p\u00e9s da Cruz<br \/> Maria acompanhou de perto todo o sofrimento de Jesus na Cruz, e assistiu de p\u00e9 \u00e0 sua morte: &#8220;junto \u00e0 cruz de Jesus estavam de p\u00e9 sua m\u00e3e, a irm\u00e3 de sua m\u00e3e, Maria, mulher de Cle\u00f3fas, e Maria Madalena&#8221; (Jo 19, 25). Depois de tr\u00eas horas de tormentosa agonia, Jesus morre. Maria, sem duvidar um s\u00f3 instante, aceitou a vontade de Deus e, no seu doloroso sil\u00eancio, entregou ao Pai sua imensa dor, pedindo, como Jesus, perd\u00e3o para os criminosos. <br \/> Quantas situa\u00e7\u00f5es de cruzes e de morte em nossa sociedade! Inseguran\u00e7as, injusti\u00e7as, maldades, maledic\u00eancias! Quantas dores nos fazem sofrer! Unidos a Maria, estejamos em p\u00e9 diante da Cruz.<br \/> 6\u00aa. Dor &#8211; Uma lan\u00e7a atravessa o Cora\u00e7\u00e3o de Jesus<br \/> Consideremos como, depois da morte do Senhor, dois de seus disc\u00edpulos, Jos\u00e9 e Nicodemos, O descem da cruz e O dep\u00f5em nos bra\u00e7os da aflita M\u00e3e que, com ternura O recebe e O aperta contra o peito. O momento fotografado nas imagens de Nossa Senhora da Piedade nos mostra o amor de m\u00e3e ao ver o filho sem vida nos bra\u00e7os. <br \/>\u00c9 a unidade com tantas situa\u00e7\u00f5es que a Igreja, como m\u00e3e que \u00e9, v\u00ea seus filhos sem vida nos seus bra\u00e7os, seja pelos pecados, seja pelas injusti\u00e7as ou persegui\u00e7\u00f5es. Com a mesma coragem e f\u00e9 de Maria vivamos esses momentos dif\u00edceis deste conturbado s\u00e9culo.<br \/> 7\u00aa. Dor &#8211; Jesus \u00e9 sepultado<br \/> Consideremos como a M\u00e3e dolorosa quis acompanhar os disc\u00edpulos que levaram Jesus morto \u00e0 sepultura. Depois de t\u00ea-Lo acomodado com suas pr\u00f3prias m\u00e3os, diz um \u00faltimo adeus ao Filho e ao Seu sepulcro, e volta para casa com as perguntas que toda m\u00e3e faz, ao mesmo tempo em que mergulha no mist\u00e9rio de Deus. N\u00f3s tamb\u00e9m, \u00e0 imita\u00e7\u00e3o de Maria, encerremos o nosso cora\u00e7\u00e3o no santo Tabern\u00e1culo onde reside Jesus, j\u00e1 n\u00e3o morto, mas vivo e verdadeiramente como est\u00e1 no c\u00e9u. <br \/>Mas procuremos tamb\u00e9m encontr\u00e1-Lo na pessoa dos irm\u00e3os, em especial dos mais pobres que nos fazem descobrir que Ele vive e est\u00e1 no meio de n\u00f3s. <br \/> Nesta Semana Santa queremos caminhar com Nossa Senhora das Dores pelos caminhos do Calv\u00e1rio, relembrando que a Paix\u00e3o do Senhor nos anima a vivermos as obras de miseric\u00f3rdia neste ano santo extraordin\u00e1rio. Nestes dias, queremos pedir \u00e0 Bem-aventurada Virgem Maria que nos ajude a ser fi\u00e9is no caminho de seu Filho. Quantas dores ela passou e suportou, e sempre esteve ao lado do Filho. Maria \u00e9 exemplo de fiel disc\u00edpula e mission\u00e1ria. \u00c9 aquela que vive a dor na esperan\u00e7a da Ressurrei\u00e7\u00e3o.<\/p>\n","protected":false},"excerpt":{"rendered":"<p>Dentro da tradi\u00e7\u00e3o cat\u00f3lica de suas celebra\u00e7\u00f5es ligadas \u00e0 piedade popular do tempo quaresmal se celebra, na semana que antecede a Semana Santa, a Semana das Dores, celebrando as Dores de Nossa Senhora. Tamb\u00e9m durante a Semana Santa essa tradi\u00e7\u00e3o \u00e9 contemplada em muitas celebra\u00e7\u00f5es. A Coroa das Sete Dores de Nossa Senhora relembra as [&hellip;]<\/p>\n","protected":false},"author":5,"featured_media":0,"comment_status":"open","ping_status":"open","sticky":false,"template":"","format":"standard","meta":{"footnotes":""},"categories":[9],"tags":[],"class_list":["post-13856","post","type-post","status-publish","format-standard","hentry","category-artigos"],"_links":{"self":[{"href":"https:\/\/catolicanet.net\/wp-cnet\/wp-json\/wp\/v2\/posts\/13856","targetHints":{"allow":["GET"]}}],"collection":[{"href":"https:\/\/catolicanet.net\/wp-cnet\/wp-json\/wp\/v2\/posts"}],"about":[{"href":"https:\/\/catolicanet.net\/wp-cnet\/wp-json\/wp\/v2\/types\/post"}],"author":[{"embeddable":true,"href":"https:\/\/catolicanet.net\/wp-cnet\/wp-json\/wp\/v2\/users\/5"}],"replies":[{"embeddable":true,"href":"https:\/\/catolicanet.net\/wp-cnet\/wp-json\/wp\/v2\/comments?post=13856"}],"version-history":[{"count":1,"href":"https:\/\/catolicanet.net\/wp-cnet\/wp-json\/wp\/v2\/posts\/13856\/revisions"}],"predecessor-version":[{"id":21636,"href":"https:\/\/catolicanet.net\/wp-cnet\/wp-json\/wp\/v2\/posts\/13856\/revisions\/21636"}],"wp:attachment":[{"href":"https:\/\/catolicanet.net\/wp-cnet\/wp-json\/wp\/v2\/media?parent=13856"}],"wp:term":[{"taxonomy":"category","embeddable":true,"href":"https:\/\/catolicanet.net\/wp-cnet\/wp-json\/wp\/v2\/categories?post=13856"},{"taxonomy":"post_tag","embeddable":true,"href":"https:\/\/catolicanet.net\/wp-cnet\/wp-json\/wp\/v2\/tags?post=13856"}],"curies":[{"name":"wp","href":"https:\/\/api.w.org\/{rel}","templated":true}]}}