{"id":13852,"date":"2016-03-18T19:45:28","date_gmt":"2016-03-18T22:45:28","guid":{"rendered":"http:\/\/catolicanet.net\/wp-cnet\/2016\/03\/18\/santuario-nacional-inaugura-museu-de-cera-em-homenagem-a-nossa-senhora-aparecida\/"},"modified":"2017-05-31T11:18:44","modified_gmt":"2017-05-31T14:18:44","slug":"santuario-nacional-inaugura-museu-de-cera-em-homenagem-a-nossa-senhora-aparecida","status":"publish","type":"post","link":"https:\/\/catolicanet.net\/wp-cnet\/santuario-nacional-inaugura-museu-de-cera-em-homenagem-a-nossa-senhora-aparecida\/","title":{"rendered":"Santu\u00e1rio Nacional inaugura Museu de Cera em homenagem a Nossa Senhora Aparecida"},"content":{"rendered":"<p style=\"text-align: justify;\"><img decoding=\"async\" src=\"http:\/\/catolicanet.com.br\/images\/stories\/geral\/museu_cera_thiagoleon.jpg\" border=\"0\" align=\"left\" \/>O Santu\u00e1rio Nacional de Aparecida vai inaugurar na pr\u00f3xima ter\u00e7a-feira (22) o Museu de Cera Nossa Senhora Aparecida. A programa\u00e7\u00e3o de abertura come\u00e7a \u00e0s 9h com a realiza\u00e7\u00e3o de uma missa presidida pelo cardeal arcebispo de Aparecida, Dom Raymundo Damasceno Assis. <\/p>\n<p>Ap\u00f3s a celebra\u00e7\u00e3o, as autoridades e convidados presentes poder\u00e3o conhecer o mais novo atrativo tur\u00edstico oferecido aos devotos da M\u00e3e Aparecida. O espa\u00e7o de aproximadamente seis mil metros quadrados re\u00fane 61 est\u00e1tuas em tamanho natural, divididas em 20 cen\u00e1rios diferentes, que remontam a hist\u00f3ria de f\u00e9 e devo\u00e7\u00e3o a Nossa Senhora. <\/p>\n<p>As pe\u00e7as retratam fatos e acontecimentos desde o encontro da imagem nas \u00e1guas do Rio Para\u00edba, passando pelos milagres atribu\u00eddos a Santa, at\u00e9 os momentos mais recentes dessa trajet\u00f3ria. <\/p>\n<p>Tamb\u00e9m s\u00e3o homenageadas pessoas ligadas \u00e0 hist\u00f3ria da M\u00e3e Aparecida, como Padre e Bispos que atuaram na evangeliza\u00e7\u00e3o ao longo dos anos de hist\u00f3ria e personalidades que j\u00e1 demonstraram sua f\u00e9 publicamente visitando o Santu\u00e1rio Nacional. <\/p>\n<p>O Astronauta Marcos Pontes, que tem uma est\u00e1tua de cera dedicada a ele no Museu, \u00e9 um dos que estar\u00e3o presentes na inaugura\u00e7\u00e3o, ao lado de outros homenageados.<\/p>\n<p>No passeio repleto de efeitos sensoriais, o visitante \u00e9 levado a uma viagem no tempo, conhecendo as personalidades hist\u00f3ricas, pol\u00edticas e religiosas, que tiveram a vida ligada a imagem da Santa. <\/p>\n<p>As est\u00e1tuas feitas em tamanho natural foram produzidas por ateli\u00eas especializados e retratam santos, papas, reis, nobres, presidentes da rep\u00fablica, religiosos, devotos e alguns nomes contempor\u00e2neos. <\/p>\n<p>O empreendimento \u00e9 uma iniciativa do Santu\u00e1rio Nacional em parceria com o grupo Dreams. O espa\u00e7o fica no p\u00e1tio do Santu\u00e1rio Nacional, ao lado do Centro de Apoio aos Romeiros. <\/p>\n<p>O funcionamento \u00e9 de segunda \u00e0 sexta-feira, no hor\u00e1rio das 9h \u00e0s 18h, s\u00e1bados das 7h \u00e0s 19h e domingos e feriados das 7h \u00e0s 18h. O ingresso custa R$ 24, sem limite para perman\u00eancia. H\u00e1 desconto de 50% para idosos, estudantes e portadores de necessidades especiais.<\/p>\n<p>O Museu em n\u00fameros:<\/p>\n<p> Dimens\u00e3o: 5.979,47 m\u00b2 de \u00e1rea constru\u00edda<br \/> Total de pe\u00e7as: 61<br \/> Cen\u00e1rios: 20<br \/> Hor\u00e1rio de Funcionamento: segunda \u00e0 sexta-feira, das 9h \u00e0s 18h; s\u00e1bados das 7h \u00e0s 19h e domingos e feriados das 7h \u00e0s 18h.<br \/> Valor da entrada: R$ 24,00 (desconto de 50% para idosos, estudantes, e portadores de necessidades especiais)<\/p>\n<p> Informa\u00e7\u00f5es<\/p>\n<p>Assessor: Wilson Silvaston<\/p>\n<p>Contato: (12) 9 9104 &#8211; 4539<\/p>\n<p>Fonte: Santu\u00e1rio Nacional<\/p>\n","protected":false},"excerpt":{"rendered":"<p>O Santu\u00e1rio Nacional de Aparecida vai inaugurar na pr\u00f3xima ter\u00e7a-feira (22) o Museu de Cera Nossa Senhora Aparecida. A programa\u00e7\u00e3o de abertura come\u00e7a \u00e0s 9h com a realiza\u00e7\u00e3o de uma missa presidida pelo cardeal arcebispo de Aparecida, Dom Raymundo Damasceno Assis. Ap\u00f3s a celebra\u00e7\u00e3o, as autoridades e convidados presentes poder\u00e3o conhecer o mais novo atrativo [&hellip;]<\/p>\n","protected":false},"author":1,"featured_media":0,"comment_status":"open","ping_status":"open","sticky":false,"template":"","format":"standard","meta":{"footnotes":""},"categories":[4],"tags":[],"class_list":["post-13852","post","type-post","status-publish","format-standard","hentry","category-cotidiano"],"_links":{"self":[{"href":"https:\/\/catolicanet.net\/wp-cnet\/wp-json\/wp\/v2\/posts\/13852","targetHints":{"allow":["GET"]}}],"collection":[{"href":"https:\/\/catolicanet.net\/wp-cnet\/wp-json\/wp\/v2\/posts"}],"about":[{"href":"https:\/\/catolicanet.net\/wp-cnet\/wp-json\/wp\/v2\/types\/post"}],"author":[{"embeddable":true,"href":"https:\/\/catolicanet.net\/wp-cnet\/wp-json\/wp\/v2\/users\/1"}],"replies":[{"embeddable":true,"href":"https:\/\/catolicanet.net\/wp-cnet\/wp-json\/wp\/v2\/comments?post=13852"}],"version-history":[{"count":1,"href":"https:\/\/catolicanet.net\/wp-cnet\/wp-json\/wp\/v2\/posts\/13852\/revisions"}],"predecessor-version":[{"id":26281,"href":"https:\/\/catolicanet.net\/wp-cnet\/wp-json\/wp\/v2\/posts\/13852\/revisions\/26281"}],"wp:attachment":[{"href":"https:\/\/catolicanet.net\/wp-cnet\/wp-json\/wp\/v2\/media?parent=13852"}],"wp:term":[{"taxonomy":"category","embeddable":true,"href":"https:\/\/catolicanet.net\/wp-cnet\/wp-json\/wp\/v2\/categories?post=13852"},{"taxonomy":"post_tag","embeddable":true,"href":"https:\/\/catolicanet.net\/wp-cnet\/wp-json\/wp\/v2\/tags?post=13852"}],"curies":[{"name":"wp","href":"https:\/\/api.w.org\/{rel}","templated":true}]}}