{"id":13837,"date":"2016-03-18T13:55:22","date_gmt":"2016-03-18T16:55:22","guid":{"rendered":"http:\/\/catolicanet.net\/wp-cnet\/2016\/03\/18\/pe-lombardi-em-estudo-viagem-do-papa-a-armenia\/"},"modified":"2017-06-02T13:54:10","modified_gmt":"2017-06-02T16:54:10","slug":"pe-lombardi-em-estudo-viagem-do-papa-a-armenia","status":"publish","type":"post","link":"https:\/\/catolicanet.net\/wp-cnet\/pe-lombardi-em-estudo-viagem-do-papa-a-armenia\/","title":{"rendered":"Pe. Lombardi: em estudo viagem do Papa \u00e0 Arm\u00eania"},"content":{"rendered":"<p style=\"text-align: justify;\"><img decoding=\"async\" src=\"http:\/\/catolicanet.com.br\/images\/stories\/geral\/ap2853494_articolo.jpg\" border=\"0\" align=\"left\" \/>Francisco dever\u00e1 visitar a Arm\u00eania em junho pr\u00f3ximo. O Diretor da Sala de Imprensa da Santa S\u00e9, Pe. Federico Lombardi, todavia, esclareceu que ainda n\u00e3o h\u00e1 nada definitivo.<\/p>\n<p>\u201cEst\u00e1 em estudo uma viagem \u00e0 Arm\u00eania para a segunda metade de junho\u201d, disse o porta-voz vaticano.<\/p>\n<p>\u201cA vistoria conclusiva dos organizadores vaticanos ainda n\u00e3o foi realizada\u201d, ponderou Pe. Lombardi, advertindo que n\u00e3o foi definido um programa oficial.<\/p>\n<p>\u201c\u00c9 bom esperar as decis\u00f5es conclusivas para n\u00e3o criar confus\u00f5es\u201d, concluiu.<\/p>\n<p>S\u00e3o Jo\u00e3o Paulo II visitou a Arm\u00eania em setembro de 2001. Mais de 90% da popula\u00e7\u00e3o \u00e9 crist\u00e3 ortodoxa. Os cat\u00f3licos s\u00e3o cerca de 8%.<\/p>\n<p style=\"text-align: justify;\">Fonte: R\u00e1dio Vaticano<\/p>\n","protected":false},"excerpt":{"rendered":"<p>Francisco dever\u00e1 visitar a Arm\u00eania em junho pr\u00f3ximo. O Diretor da Sala de Imprensa da Santa S\u00e9, Pe. Federico Lombardi, todavia, esclareceu que ainda n\u00e3o h\u00e1 nada definitivo. \u201cEst\u00e1 em estudo uma viagem \u00e0 Arm\u00eania para a segunda metade de junho\u201d, disse o porta-voz vaticano. \u201cA vistoria conclusiva dos organizadores vaticanos ainda n\u00e3o foi realizada\u201d, [&hellip;]<\/p>\n","protected":false},"author":1,"featured_media":0,"comment_status":"open","ping_status":"open","sticky":false,"template":"","format":"standard","meta":{"footnotes":""},"categories":[3],"tags":[],"class_list":["post-13837","post","type-post","status-publish","format-standard","hentry","category-vaticano"],"_links":{"self":[{"href":"https:\/\/catolicanet.net\/wp-cnet\/wp-json\/wp\/v2\/posts\/13837","targetHints":{"allow":["GET"]}}],"collection":[{"href":"https:\/\/catolicanet.net\/wp-cnet\/wp-json\/wp\/v2\/posts"}],"about":[{"href":"https:\/\/catolicanet.net\/wp-cnet\/wp-json\/wp\/v2\/types\/post"}],"author":[{"embeddable":true,"href":"https:\/\/catolicanet.net\/wp-cnet\/wp-json\/wp\/v2\/users\/1"}],"replies":[{"embeddable":true,"href":"https:\/\/catolicanet.net\/wp-cnet\/wp-json\/wp\/v2\/comments?post=13837"}],"version-history":[{"count":1,"href":"https:\/\/catolicanet.net\/wp-cnet\/wp-json\/wp\/v2\/posts\/13837\/revisions"}],"predecessor-version":[{"id":28541,"href":"https:\/\/catolicanet.net\/wp-cnet\/wp-json\/wp\/v2\/posts\/13837\/revisions\/28541"}],"wp:attachment":[{"href":"https:\/\/catolicanet.net\/wp-cnet\/wp-json\/wp\/v2\/media?parent=13837"}],"wp:term":[{"taxonomy":"category","embeddable":true,"href":"https:\/\/catolicanet.net\/wp-cnet\/wp-json\/wp\/v2\/categories?post=13837"},{"taxonomy":"post_tag","embeddable":true,"href":"https:\/\/catolicanet.net\/wp-cnet\/wp-json\/wp\/v2\/tags?post=13837"}],"curies":[{"name":"wp","href":"https:\/\/api.w.org\/{rel}","templated":true}]}}