{"id":13836,"date":"2016-03-18T13:47:14","date_gmt":"2016-03-18T16:47:14","guid":{"rendered":"http:\/\/catolicanet.net\/wp-cnet\/2016\/03\/18\/francisco-unidade-gloria-e-mundo-para-a-missao\/"},"modified":"2017-05-30T09:43:06","modified_gmt":"2017-05-30T12:43:06","slug":"francisco-unidade-gloria-e-mundo-para-a-missao","status":"publish","type":"post","link":"https:\/\/catolicanet.net\/wp-cnet\/francisco-unidade-gloria-e-mundo-para-a-missao\/","title":{"rendered":"Francisco: unidade, gl\u00f3ria e mundo para a miss\u00e3o"},"content":{"rendered":"<p style=\"text-align: justify;\"><img decoding=\"async\" src=\"http:\/\/catolicanet.com.br\/images\/stories\/geral\/ap3362910_articolo.jpg\" border=\"0\" align=\"left\" \/>O Papa encontrou-se no final da manh\u00e3 desta sexta-feira, (18\/03), com cerca de 7 mil integrantes do Caminho Neocatecumenal, na Sala Paulo VI.<\/p>\n<p>Muitos dos presentes foram enviados pelo Papa em miss\u00e3o ad gentes. No discurso que lhes dirigiu, Francisco destacou tr\u00eas palavras como um mandato para a miss\u00e3o: unidade, gl\u00f3ria e mundo.<\/p>\n<p>Fecundidade<\/p>\n<p>A Igreja n\u00e3o \u00e9 um instrumento para n\u00f3s, mas n\u00f3s somos a Igreja, uma Igreja que \u00e9 M\u00e3e. N\u00e3o somos um grupo que segue em frente baseando-se nas suas ideias, mas \u201cuma M\u00e3e que transmite a vida recebida de Jesus\u201d \u2013 afirmou o Papa. Uma Igreja fecunda que vive na unidade radicada na fonte do Esp\u00edrito Santo.<\/p>\n<p>Segunda palavra, Gl\u00f3ria: \u201cJesus preanuncia que ser\u00e1 \u2018glorificado\u2019 na cruz\u201d. Mas esta n\u00e3o \u00e9 a gl\u00f3ria mundana dos bens e do sucesso, mas uma \u201cgl\u00f3ria paradoxal\u201d, sem aplausos, que se \u201crevela na cruz\u201d. \u201cMas s\u00f3 esta gl\u00f3ria torna o Evangelho fecundo\u201d \u2013 declarou Francisco.<\/p>\n<p>An\u00fancio<\/p>\n<p>Finalmente, a palavra mundo: Deus amou tanto o mundo que enviou Jesus. \u201cMostrai aos filhos o olhar terno do Pai e considerai um dom as realidades que encontrareis\u201d \u2013 disse o Pont\u00edfice.<\/p>\n<p>No final do seu discurso, Francisco observou que a boa not\u00edcia a ser anunciada n\u00e3o deve ser doutrina fria e sem vida: \u00e9 preciso \u201cevangelizar como fam\u00edlias, vivendo a unidade e a simplicidade, que j\u00e1 \u00e9 um an\u00fancio de vida, um belo testemunho\u201d.<\/p>\n<p style=\"text-align: justify;\">Fonte: R\u00e1dio Vaticano<\/p>\n","protected":false},"excerpt":{"rendered":"<p>O Papa encontrou-se no final da manh\u00e3 desta sexta-feira, (18\/03), com cerca de 7 mil integrantes do Caminho Neocatecumenal, na Sala Paulo VI. Muitos dos presentes foram enviados pelo Papa em miss\u00e3o ad gentes. No discurso que lhes dirigiu, Francisco destacou tr\u00eas palavras como um mandato para a miss\u00e3o: unidade, gl\u00f3ria e mundo. Fecundidade A [&hellip;]<\/p>\n","protected":false},"author":1,"featured_media":0,"comment_status":"open","ping_status":"open","sticky":false,"template":"","format":"standard","meta":{"footnotes":""},"categories":[3],"tags":[],"class_list":["post-13836","post","type-post","status-publish","format-standard","hentry","category-vaticano"],"_links":{"self":[{"href":"https:\/\/catolicanet.net\/wp-cnet\/wp-json\/wp\/v2\/posts\/13836","targetHints":{"allow":["GET"]}}],"collection":[{"href":"https:\/\/catolicanet.net\/wp-cnet\/wp-json\/wp\/v2\/posts"}],"about":[{"href":"https:\/\/catolicanet.net\/wp-cnet\/wp-json\/wp\/v2\/types\/post"}],"author":[{"embeddable":true,"href":"https:\/\/catolicanet.net\/wp-cnet\/wp-json\/wp\/v2\/users\/1"}],"replies":[{"embeddable":true,"href":"https:\/\/catolicanet.net\/wp-cnet\/wp-json\/wp\/v2\/comments?post=13836"}],"version-history":[{"count":1,"href":"https:\/\/catolicanet.net\/wp-cnet\/wp-json\/wp\/v2\/posts\/13836\/revisions"}],"predecessor-version":[{"id":24417,"href":"https:\/\/catolicanet.net\/wp-cnet\/wp-json\/wp\/v2\/posts\/13836\/revisions\/24417"}],"wp:attachment":[{"href":"https:\/\/catolicanet.net\/wp-cnet\/wp-json\/wp\/v2\/media?parent=13836"}],"wp:term":[{"taxonomy":"category","embeddable":true,"href":"https:\/\/catolicanet.net\/wp-cnet\/wp-json\/wp\/v2\/categories?post=13836"},{"taxonomy":"post_tag","embeddable":true,"href":"https:\/\/catolicanet.net\/wp-cnet\/wp-json\/wp\/v2\/tags?post=13836"}],"curies":[{"name":"wp","href":"https:\/\/api.w.org\/{rel}","templated":true}]}}