{"id":13835,"date":"2016-03-18T13:41:19","date_gmt":"2016-03-18T16:41:19","guid":{"rendered":"http:\/\/catolicanet.net\/wp-cnet\/2016\/03\/18\/dom-joaquim-mol-recebera-homenagem-em-nome-do-papa-francisco\/"},"modified":"2017-05-26T16:11:18","modified_gmt":"2017-05-26T19:11:18","slug":"dom-joaquim-mol-recebera-homenagem-em-nome-do-papa-francisco","status":"publish","type":"post","link":"https:\/\/catolicanet.net\/wp-cnet\/dom-joaquim-mol-recebera-homenagem-em-nome-do-papa-francisco\/","title":{"rendered":"Dom Joaquim Mol receber\u00e1 homenagem em nome do papa Francisco"},"content":{"rendered":"<p style=\"text-align: justify;\"><img decoding=\"async\" src=\"http:\/\/catolicanet.com.br\/images\/stories\/joaquim_interna.jpg\" border=\"0\" align=\"left\" \/>Solenidade acontecer\u00e1 no dia 23 de mar\u00e7o<\/p>\n<p>O bispo auxiliar da arquidiocese de Belo Horizonte, dom Joaquim Giovani Mol Guimar\u00e3es, receber\u00e1, em nome do papa Francisco, homenagem como vencedor na categoria Destaque Internacional do VI Pr\u00eamio Hugo Werneck de Sustentabilidade &#038; Amor \u00e0 Natureza, pela edi\u00e7\u00e3o Enc\u00edclica Laudato Si, considerada um sopro de renova\u00e7\u00e3o espiritual, \u00e9tica e ecol\u00f3gica para os cat\u00f3licos e, indiretamente, para o todo o movimento ambientalista mundial.<\/p>\n<p>A solenidade acontecer\u00e1 no dia 23 de mar\u00e7o, a partir das 18h, no Teatro do Sindicato da Ind\u00fastria da Constru\u00e7\u00e3o Pesada, em Belo Horizonte.<\/p>\n<p>A escolha de dom Mol para receber a homenagem se deve pelo seu trabalho em defesa da vida e do meio ambiente, como reitor da PUC Minas, bispo auxiliar da arquidiocese da capital e membro do Conselho Cultural do papa Francisco. O pr\u00eamio \u00e9 promovido pela revista Ecol\u00f3gico, publica\u00e7\u00e3o brasileira sobre Meio Ambiente, Sustentabilidade e Educa\u00e7\u00e3o Ambiental.<br \/>Com informa\u00e7\u00f5es da PUC Minas<\/p>\n<p>Fonte: CNBB<\/p>\n","protected":false},"excerpt":{"rendered":"<p>Solenidade acontecer\u00e1 no dia 23 de mar\u00e7o O bispo auxiliar da arquidiocese de Belo Horizonte, dom Joaquim Giovani Mol Guimar\u00e3es, receber\u00e1, em nome do papa Francisco, homenagem como vencedor na categoria Destaque Internacional do VI Pr\u00eamio Hugo Werneck de Sustentabilidade &#038; Amor \u00e0 Natureza, pela edi\u00e7\u00e3o Enc\u00edclica Laudato Si, considerada um sopro de renova\u00e7\u00e3o espiritual, [&hellip;]<\/p>\n","protected":false},"author":1,"featured_media":0,"comment_status":"open","ping_status":"open","sticky":false,"template":"","format":"standard","meta":{"footnotes":""},"categories":[7],"tags":[],"class_list":["post-13835","post","type-post","status-publish","format-standard","hentry","category-cnbb"],"_links":{"self":[{"href":"https:\/\/catolicanet.net\/wp-cnet\/wp-json\/wp\/v2\/posts\/13835","targetHints":{"allow":["GET"]}}],"collection":[{"href":"https:\/\/catolicanet.net\/wp-cnet\/wp-json\/wp\/v2\/posts"}],"about":[{"href":"https:\/\/catolicanet.net\/wp-cnet\/wp-json\/wp\/v2\/types\/post"}],"author":[{"embeddable":true,"href":"https:\/\/catolicanet.net\/wp-cnet\/wp-json\/wp\/v2\/users\/1"}],"replies":[{"embeddable":true,"href":"https:\/\/catolicanet.net\/wp-cnet\/wp-json\/wp\/v2\/comments?post=13835"}],"version-history":[{"count":1,"href":"https:\/\/catolicanet.net\/wp-cnet\/wp-json\/wp\/v2\/posts\/13835\/revisions"}],"predecessor-version":[{"id":23810,"href":"https:\/\/catolicanet.net\/wp-cnet\/wp-json\/wp\/v2\/posts\/13835\/revisions\/23810"}],"wp:attachment":[{"href":"https:\/\/catolicanet.net\/wp-cnet\/wp-json\/wp\/v2\/media?parent=13835"}],"wp:term":[{"taxonomy":"category","embeddable":true,"href":"https:\/\/catolicanet.net\/wp-cnet\/wp-json\/wp\/v2\/categories?post=13835"},{"taxonomy":"post_tag","embeddable":true,"href":"https:\/\/catolicanet.net\/wp-cnet\/wp-json\/wp\/v2\/tags?post=13835"}],"curies":[{"name":"wp","href":"https:\/\/api.w.org\/{rel}","templated":true}]}}