{"id":13805,"date":"2016-03-16T12:48:41","date_gmt":"2016-03-16T15:48:41","guid":{"rendered":"http:\/\/catolicanet.net\/wp-cnet\/2016\/03\/16\/papa-francisco-no-instagram-a-partir-do-proximo-sabado\/"},"modified":"2017-06-02T11:53:10","modified_gmt":"2017-06-02T14:53:10","slug":"papa-francisco-no-instagram-a-partir-do-proximo-sabado","status":"publish","type":"post","link":"https:\/\/catolicanet.net\/wp-cnet\/papa-francisco-no-instagram-a-partir-do-proximo-sabado\/","title":{"rendered":"Papa Francisco no Instagram a partir do pr\u00f3ximo s\u00e1bado"},"content":{"rendered":"<p style=\"text-align: justify;\"><img decoding=\"async\" src=\"http:\/\/catolicanet.com.br\/images\/stories\/geral\/rv14114_articolo.jpg\" border=\"0\" align=\"left\" \/>A novidade foi anunciada pelo prefeito da Secretaria para a Comunica\u00e7\u00e3o do Vaticano, Mons. Dario Edoardo Vigan\u00f2. Depois da experi\u00eancia com o Twitter, o Papa Francisco percorre novos caminhos das redes sociais e chega ao Instagram. A conta oficial do Pont\u00edfice, com o nome \u201cFranciscus\u201d, entra no ar no dia 19 de mar\u00e7o, festa de S\u00e3o Jos\u00e9.<\/p>\n<p>O Papa Apple<\/p>\n<p>Mons. Vigan\u00f2 deu a not\u00edcia durante a apresenta\u00e7\u00e3o do seu livro nesta segunda-feira (14), em Roma. A obra \u00e9 intitulada \u201cFedelt\u00e0 e cambiamento \u2013 La svolta di Francesco raccontata da vicino\u201d, (Fidelidade e mudan\u00e7a \u2013 a reviravolta de Francisco contada de perto). O autor ilustra a revolu\u00e7\u00e3o comunicativa de Bergoglio como \u201cum Papa Apple com interface simples e um sistema complexo, um homem de grande cultura que sabe explicar as coisas \u00e0s crian\u00e7as\u201d.<\/p>\n<p>Com os jornalistas, Mons. Vigan\u00f2 falou das novas modalidades de comunica\u00e7\u00e3o introduzidas pelo Papa argentino que pode se definir \u201cum perfeito contador de hist\u00f3rias\u201d: \u201cFrancisco segue os grandes ensinamentos da Igreja mas, ao mesmo tempo, mudou muito o seu modo de comunicar o pontificado: n\u00e3o somente simplificando a figura do Pont\u00edfice, mas tamb\u00e9m contando hist\u00f3ria e par\u00e1bolas. Basta pensar nas homilias de Santa Marta, pelas quais entra nos sentimentos das pessoas atrav\u00e9s do Evangelho\u201d, disse ele.<\/p>\n<p>Reforma da m\u00eddia do Vaticano<\/p>\n<p>Questionado sobre a reforma da m\u00eddia do Vaticano, o prefeito explicou que \u201ca plataforma digital pretende repensar de forma unit\u00e1ria e de acordo com o modelo top-down (estrat\u00e9gia de elabora\u00e7\u00e3o e administra\u00e7\u00e3o da informa\u00e7\u00e3o que parte de um sistema geral \u00e0s partes individuais e detalhadas) para compreender quem s\u00e3o os usu\u00e1rios. Faremos confluir em um \u00fanico portal os textos, a r\u00e1dio e os v\u00eddeos. Come\u00e7amos a fazer grupos de trabalho mistos para juntar todas as coisas boas que existem\u201d.<\/p>\n<p>Mons. Vigan\u00f2 explicou que podem ser necess\u00e1rios cerca de 5 anos para a reforma da m\u00eddia do Vaticano. \u201cEste ser\u00e1 um ano importante porque vai ocorrer a fus\u00e3o de TV e R\u00e1dio\u201d, num \u00fanico \u201cCentro de R\u00e1dio e TV Vaticano\u201d. \u201cA ideia n\u00e3o \u00e9 cortar, mas passar aos investimentos. Queremos que cada euro gasto tenha tanto a for\u00e7a comunicativa quanto a semente de miss\u00e3o apost\u00f3lica\u201d, finalizou Vigan\u00f2.<\/p>\n<p style=\"text-align: justify;\">Fonte: R\u00e1dio Vaticano<\/p>\n","protected":false},"excerpt":{"rendered":"<p>A novidade foi anunciada pelo prefeito da Secretaria para a Comunica\u00e7\u00e3o do Vaticano, Mons. Dario Edoardo Vigan\u00f2. Depois da experi\u00eancia com o Twitter, o Papa Francisco percorre novos caminhos das redes sociais e chega ao Instagram. A conta oficial do Pont\u00edfice, com o nome \u201cFranciscus\u201d, entra no ar no dia 19 de mar\u00e7o, festa de [&hellip;]<\/p>\n","protected":false},"author":1,"featured_media":0,"comment_status":"open","ping_status":"open","sticky":false,"template":"","format":"standard","meta":{"footnotes":""},"categories":[3],"tags":[],"class_list":["post-13805","post","type-post","status-publish","format-standard","hentry","category-vaticano"],"_links":{"self":[{"href":"https:\/\/catolicanet.net\/wp-cnet\/wp-json\/wp\/v2\/posts\/13805","targetHints":{"allow":["GET"]}}],"collection":[{"href":"https:\/\/catolicanet.net\/wp-cnet\/wp-json\/wp\/v2\/posts"}],"about":[{"href":"https:\/\/catolicanet.net\/wp-cnet\/wp-json\/wp\/v2\/types\/post"}],"author":[{"embeddable":true,"href":"https:\/\/catolicanet.net\/wp-cnet\/wp-json\/wp\/v2\/users\/1"}],"replies":[{"embeddable":true,"href":"https:\/\/catolicanet.net\/wp-cnet\/wp-json\/wp\/v2\/comments?post=13805"}],"version-history":[{"count":1,"href":"https:\/\/catolicanet.net\/wp-cnet\/wp-json\/wp\/v2\/posts\/13805\/revisions"}],"predecessor-version":[{"id":28338,"href":"https:\/\/catolicanet.net\/wp-cnet\/wp-json\/wp\/v2\/posts\/13805\/revisions\/28338"}],"wp:attachment":[{"href":"https:\/\/catolicanet.net\/wp-cnet\/wp-json\/wp\/v2\/media?parent=13805"}],"wp:term":[{"taxonomy":"category","embeddable":true,"href":"https:\/\/catolicanet.net\/wp-cnet\/wp-json\/wp\/v2\/categories?post=13805"},{"taxonomy":"post_tag","embeddable":true,"href":"https:\/\/catolicanet.net\/wp-cnet\/wp-json\/wp\/v2\/tags?post=13805"}],"curies":[{"name":"wp","href":"https:\/\/api.w.org\/{rel}","templated":true}]}}