{"id":13804,"date":"2016-03-16T12:45:06","date_gmt":"2016-03-16T15:45:06","guid":{"rendered":"http:\/\/catolicanet.net\/wp-cnet\/2016\/03\/16\/papa-pede-que-portas-se-abram-aos-migrantes-exilados-de-hoje\/"},"modified":"2017-05-30T09:45:42","modified_gmt":"2017-05-30T12:45:42","slug":"papa-pede-que-portas-se-abram-aos-migrantes-exilados-de-hoje","status":"publish","type":"post","link":"https:\/\/catolicanet.net\/wp-cnet\/papa-pede-que-portas-se-abram-aos-migrantes-exilados-de-hoje\/","title":{"rendered":"Papa pede que portas se abram aos migrantes, exilados de hoje"},"content":{"rendered":"<p style=\"text-align: justify;\"><img decoding=\"async\" src=\"http:\/\/catolicanet.com.br\/images\/stories\/geral\/afp5094645_articolo.jpg\" border=\"0\" align=\"left\" \/>Miseric\u00f3rdia e consola\u00e7\u00e3o: duas palavras que nortearam a reflex\u00e3o do Papa na Audi\u00eancia geral da quarta-feira, (16\/03), na Pra\u00e7a S\u00e3o Pedro.<\/p>\n<p>Diante de mais de 25 mil fi\u00e9is, Francisco recordou os cap\u00edtulos 30 e 31\u00a0 do profeta Jeremias, conhecidos como \u201clivro da consola\u00e7\u00e3o\u201d, no qual \u201ca miseric\u00f3rdia de Deus se apresenta com toda a sua capacidade de confortar e abrir o cora\u00e7\u00e3o dos aflitos \u00e0 esperan\u00e7a\u201d.<\/p>\n<p>Deus, por meio do profeta Jeremias, dirige-se aos israelitas exilados em terra estrangeira para pr\u00e9-anunciar o retorno \u00e0 p\u00e1tria. \u201cO ex\u00edlio foi uma experi\u00eancia devastante para Israel\u201d, afirmou Francisco: a f\u00e9 de Israel vacilou, sentiu-se abandonado por Deus e, vendo a p\u00e1tria destru\u00edda, era \u201cdif\u00edcil continuar a acreditar na bondade do Senhor\u201d.<\/p>\n<p>\u201cMas me vem \u00e0 mente o pensamento da Alb\u00e2nia e, como depois de tanta persegui\u00e7\u00e3o e destrui\u00e7\u00e3o, o Pa\u00eds conseguiu reerguer-se na dignidade e na f\u00e9\u201d, recordou Francisco, que visitou o pa\u00eds do leste Europeu em setembro de 2014.<\/p>\n<p>\u201cTamb\u00e9m n\u00f3s \u2013 acrescentou o Papa \u2013 podemos viver um tipo de ex\u00edlio quando a solid\u00e3o, o sofrimento, a morte nos fazem pensar que fomos abandonados por Deus.<\/p>\n<p>\u201cQuantas vezes ouvimos essa palavra: Deus se esqueceu de mim. Tantas vezes: pessoas que sofrem e que se sentem abandonadas\u201d.<\/p>\n<p>Migrantes<\/p>\n<p>Neste ponto, com a voz embargada por\u00e9m firme, Francisco citou os migrantes \u2013 exilados de hoje \u2013 que vivem uma real e dram\u00e1tica situa\u00e7\u00e3o, longe de sua p\u00e1tria, com o olhar marcado pelas ru\u00ednas das suas casas, com o cora\u00e7\u00e3o cheio de medo e a dor da perda dos entes queridos!<\/p>\n<p>\u201cQuantos tentam chegar em outros lugares e lhes fecham as portas. E est\u00e3o ali na fronteira, porque tantas portas e tantos cora\u00e7\u00f5es est\u00e3o fechados. Os migrantes de hoje que sofrem, que sofrem a c\u00e9u aberto, sem alimento, e n\u00e3o podem entrar, n\u00e3o sentem a acolhida. Como gosto quando vejo as na\u00e7\u00f5es, os governantes que abrem o cora\u00e7\u00e3o e abrem as portas\u201d.<\/p>\n<p>O Papa ent\u00e3o voltou ao \u201clivro da consola\u00e7\u00e3o\u201d para afirmar que Deus n\u00e3o est\u00e1 ausente e n\u00e3o se deve ceder ao desespero: \u201co Senhor secar\u00e1 todas as l\u00e1grimas e nos libertar\u00e1 de todos os temores\u201d.<\/p>\n<p>\u201cO Senhor \u00e9 fiel, n\u00e3o abandona \u00e0 desola\u00e7\u00e3o. Deus ama com um amor sem limites, que tampouco o pecado pode frear, e gra\u00e7as a Ele o cora\u00e7\u00e3o do homem se enche de alegria e de consola\u00e7\u00e3o\u201d, afirmou o Francisco, que concluiu:<\/p>\n<p>\u201cO verdadeiro e radical retorno do ex\u00edlio e a confortante luz ap\u00f3s a escurid\u00e3o da crise de f\u00e9, acontece na P\u00e1scoa, na experi\u00eancia cheia e definitiva do amor de Deus, amor misericordioso que doa alegria, paz e vida eterna\u201d.<\/p>\n<p style=\"text-align: justify;\">Fonte: CNBB<\/p>\n","protected":false},"excerpt":{"rendered":"<p>Miseric\u00f3rdia e consola\u00e7\u00e3o: duas palavras que nortearam a reflex\u00e3o do Papa na Audi\u00eancia geral da quarta-feira, (16\/03), na Pra\u00e7a S\u00e3o Pedro. Diante de mais de 25 mil fi\u00e9is, Francisco recordou os cap\u00edtulos 30 e 31\u00a0 do profeta Jeremias, conhecidos como \u201clivro da consola\u00e7\u00e3o\u201d, no qual \u201ca miseric\u00f3rdia de Deus se apresenta com toda a sua [&hellip;]<\/p>\n","protected":false},"author":1,"featured_media":0,"comment_status":"open","ping_status":"open","sticky":false,"template":"","format":"standard","meta":{"footnotes":""},"categories":[4],"tags":[],"class_list":["post-13804","post","type-post","status-publish","format-standard","hentry","category-cotidiano"],"_links":{"self":[{"href":"https:\/\/catolicanet.net\/wp-cnet\/wp-json\/wp\/v2\/posts\/13804","targetHints":{"allow":["GET"]}}],"collection":[{"href":"https:\/\/catolicanet.net\/wp-cnet\/wp-json\/wp\/v2\/posts"}],"about":[{"href":"https:\/\/catolicanet.net\/wp-cnet\/wp-json\/wp\/v2\/types\/post"}],"author":[{"embeddable":true,"href":"https:\/\/catolicanet.net\/wp-cnet\/wp-json\/wp\/v2\/users\/1"}],"replies":[{"embeddable":true,"href":"https:\/\/catolicanet.net\/wp-cnet\/wp-json\/wp\/v2\/comments?post=13804"}],"version-history":[{"count":1,"href":"https:\/\/catolicanet.net\/wp-cnet\/wp-json\/wp\/v2\/posts\/13804\/revisions"}],"predecessor-version":[{"id":24419,"href":"https:\/\/catolicanet.net\/wp-cnet\/wp-json\/wp\/v2\/posts\/13804\/revisions\/24419"}],"wp:attachment":[{"href":"https:\/\/catolicanet.net\/wp-cnet\/wp-json\/wp\/v2\/media?parent=13804"}],"wp:term":[{"taxonomy":"category","embeddable":true,"href":"https:\/\/catolicanet.net\/wp-cnet\/wp-json\/wp\/v2\/categories?post=13804"},{"taxonomy":"post_tag","embeddable":true,"href":"https:\/\/catolicanet.net\/wp-cnet\/wp-json\/wp\/v2\/tags?post=13804"}],"curies":[{"name":"wp","href":"https:\/\/api.w.org\/{rel}","templated":true}]}}