{"id":13794,"date":"2016-03-15T16:15:29","date_gmt":"2016-03-15T19:15:29","guid":{"rendered":"http:\/\/catolicanet.net\/wp-cnet\/2016\/03\/15\/africacosta-do-marfim-ataque-em-gran-bassam-centenas-de-pessoas-se-refugiam-na-catedral-o-testemunho-do-paroco\/"},"modified":"2017-05-31T11:27:22","modified_gmt":"2017-05-31T14:27:22","slug":"africacosta-do-marfim-ataque-em-gran-bassam-centenas-de-pessoas-se-refugiam-na-catedral-o-testemunho-do-paroco","status":"publish","type":"post","link":"https:\/\/catolicanet.net\/wp-cnet\/africacosta-do-marfim-ataque-em-gran-bassam-centenas-de-pessoas-se-refugiam-na-catedral-o-testemunho-do-paroco\/","title":{"rendered":"\u00c1FRICA\/COSTA DO MARFIM &#8211; Ataque em Gran Bassam: centenas de pessoas se refugiam na catedral, o testemunho do p\u00e1roco"},"content":{"rendered":"<p style=\"text-align: justify;\">Abidjan (Ag\u00eancia Fides) &#8211; \u201cO Sagrado Cora\u00e7\u00e3o de Jesus protegeu a n\u00f3s e centenas de pessoas que se refugiaram em nossa par\u00f3quia\u201d, disse Pe. Armand Zanou, p\u00e1roco da Catedral do Sagrado Cora\u00e7\u00e3o de Gran Bassam, onde em 13 de mar\u00e7o, um grupo de terroristas atacou alguns resorts de turistas na praia, matando 16 pessoas. \u201cA catedral, igreja mais antiga da Costa do Marfim, se encontra perto das praias atacadas\u201d, disse Pe. Armand que conta \u00e0 Ag\u00eancia Fides como se realizaram os fatos.<br \/>\u201cIniciamos uma prociss\u00e3o fora de nossa igreja por volta do meio-dia. Por volta das 13h, ouvimos tiros de armas de fogo e logo depois vimos v\u00e1rias pessoas fugirem da parte da praia e vir em nossa dire\u00e7\u00e3o. Perguntamos a elas o que estava acontecendo e nos responderam que homens armados estavam atirando nas pessoas. Enquanto o barulho dos tiros se intensificava, aumentava o n\u00famero de quem buscada ref\u00fagio na Catedral.<br \/>A seguir, depois de cerca de uma hora, chegaram os militares das for\u00e7as especiais que levaram consigo cinquenta ref\u00e9ns que foram libertados dos resorts atacados. Eles nos protegeram at\u00e9 que a \u00e1rea foi declarada segura, por volta das 19h30\u201d.<br \/>\u201cOs tiroteios dos terroristas seguidos pelo confronto com o Ex\u00e9rcito duraram cerca de 45 minutos, talvez uma hora. A troca de tiros foi muito violenta. Todas as pessoas que se refugiaram no presbit\u00e9rio da igreja se jogaram ao ch\u00e3o, porque o confronto foi muito perto de n\u00f3s. T\u00ednhamos tr\u00eas grupos de pessoas refugiadas no presbit\u00e9rio: os paroquianos que estavam ali para as nossas atividades e que permaneceram bloqueados pelos acontecimentos; a primeira onde de turistas que escapou dos terroristas e a segunda, formada por ref\u00e9ns libertados pelas for\u00e7as especiais que foram levados para a igreja. No total cerca de uma centena de pessoas entre marfinenses, franceses, belgas, libaneses e outras nacionalidades. Como se diz aqui havia muitos &#8216;brancos&#8217;. Havia tamb\u00e9m muitas crian\u00e7as\u201d.<br \/>Pe. Armand Zanou sublinha que, infelizmente, a Catedral sofreu alguns danos por causa do acontecimento. De fato, quando os ex-ref\u00e9ns foram levados pelos militares diante da porta da igreja, um dos militares, que evidentemente n\u00e3o recebeu ordens a respeito, chamou o seu comando para perguntar onde deixar os ref\u00e9ns salvos e foi-lhe dito para lev\u00e1-los para a nossa igreja. \u201cComo a igreja estava fechada, pois decidi usar o presbit\u00e9rio como ref\u00fagio\u201d, recorda o p\u00e1roco, \u201cos militares iniciaram a romper as janelas para fazer os civis entrar. Ent\u00e3o eu cheguei correndo para guiar os civis para dentro. De qualquer forma, os militares nos protegeram at\u00e9 o final da emerg\u00eancia\u201d.<\/p>\n<p style=\"text-align: justify;\">Fonte: Ag\u00eancia Fides<\/p>\n","protected":false},"excerpt":{"rendered":"<p>Abidjan (Ag\u00eancia Fides) &#8211; \u201cO Sagrado Cora\u00e7\u00e3o de Jesus protegeu a n\u00f3s e centenas de pessoas que se refugiaram em nossa par\u00f3quia\u201d, disse Pe. Armand Zanou, p\u00e1roco da Catedral do Sagrado Cora\u00e7\u00e3o de Gran Bassam, onde em 13 de mar\u00e7o, um grupo de terroristas atacou alguns resorts de turistas na praia, matando 16 pessoas. \u201cA [&hellip;]<\/p>\n","protected":false},"author":1,"featured_media":0,"comment_status":"open","ping_status":"open","sticky":false,"template":"","format":"standard","meta":{"footnotes":""},"categories":[4],"tags":[],"class_list":["post-13794","post","type-post","status-publish","format-standard","hentry","category-cotidiano"],"_links":{"self":[{"href":"https:\/\/catolicanet.net\/wp-cnet\/wp-json\/wp\/v2\/posts\/13794","targetHints":{"allow":["GET"]}}],"collection":[{"href":"https:\/\/catolicanet.net\/wp-cnet\/wp-json\/wp\/v2\/posts"}],"about":[{"href":"https:\/\/catolicanet.net\/wp-cnet\/wp-json\/wp\/v2\/types\/post"}],"author":[{"embeddable":true,"href":"https:\/\/catolicanet.net\/wp-cnet\/wp-json\/wp\/v2\/users\/1"}],"replies":[{"embeddable":true,"href":"https:\/\/catolicanet.net\/wp-cnet\/wp-json\/wp\/v2\/comments?post=13794"}],"version-history":[{"count":1,"href":"https:\/\/catolicanet.net\/wp-cnet\/wp-json\/wp\/v2\/posts\/13794\/revisions"}],"predecessor-version":[{"id":26305,"href":"https:\/\/catolicanet.net\/wp-cnet\/wp-json\/wp\/v2\/posts\/13794\/revisions\/26305"}],"wp:attachment":[{"href":"https:\/\/catolicanet.net\/wp-cnet\/wp-json\/wp\/v2\/media?parent=13794"}],"wp:term":[{"taxonomy":"category","embeddable":true,"href":"https:\/\/catolicanet.net\/wp-cnet\/wp-json\/wp\/v2\/categories?post=13794"},{"taxonomy":"post_tag","embeddable":true,"href":"https:\/\/catolicanet.net\/wp-cnet\/wp-json\/wp\/v2\/tags?post=13794"}],"curies":[{"name":"wp","href":"https:\/\/api.w.org\/{rel}","templated":true}]}}