{"id":13789,"date":"2016-03-15T15:54:08","date_gmt":"2016-03-15T18:54:08","guid":{"rendered":"http:\/\/catolicanet.net\/wp-cnet\/2016\/03\/15\/rede-seculo-21-transmite-posse-de-dom-luiz-gonzaga-fechio\/"},"modified":"2017-05-31T11:27:24","modified_gmt":"2017-05-31T14:27:24","slug":"rede-seculo-21-transmite-posse-de-dom-luiz-gonzaga-fechio","status":"publish","type":"post","link":"https:\/\/catolicanet.net\/wp-cnet\/rede-seculo-21-transmite-posse-de-dom-luiz-gonzaga-fechio\/","title":{"rendered":"Rede S\u00e9culo 21 transmite posse de Dom Luiz Gonzaga Fechio"},"content":{"rendered":"<p style=\"text-align: justify;\"><img decoding=\"async\" src=\"http:\/\/catolicanet.com.br\/images\/stories\/geral\/bispo diocesano - luiz gonzaga fechio.jpg\" border=\"0\" align=\"left\" \/>A Rede S\u00e9culo 21 transmite neste s\u00e1bado, dia 19 de mar\u00e7o, a posse de Dom Luiz Gonzaga Fechio, novo Bispo da Diocese de Amparo (SP). A Santa Missa ser\u00e1 realizada a partir das 15h00, na Catedral Nossa Senhora do Amparo.<br \/>O paulista dom Luiz Gonzaga Fechio, que era bispo auxiliar de Belo Horizonte, foi nomeado pelo Papa Francisco, no dia 06 de janeiro, como bispo da Diocese de Amparo. Em nota, o Arcebispo de Belo Horizonte, Dom Walmor Oliveira de Azevedo, agradeceu o trabalho prestado pelo sacerdote na capital mineira ao longo dos \u00faltimos cinco anos. &#8220;Com a nomea\u00e7\u00e3o de Dom Luiz Gonzaga, a Diocese de Amparo recebe um abnegado servidor, homem de Deus empenhado em fazer crescer no cora\u00e7\u00e3o de todos a alegria de crer\u201d, afirmou.<br \/>Em carta publicada ap\u00f3s a nomea\u00e7\u00e3o, Dom Luiz destacou: \u201cChego \u00e0 querida Diocese de Amparo como o terceiro bispo desta jovem Igreja Particular, no desejo de ser o primeiro servidor. Sinto-me gravemente comprometido \u00e0 miss\u00e3o de ensinar, governar e santificar este precioso rebanho, no intuito de oferecer minha colabora\u00e7\u00e3o, sempre contando com a gra\u00e7a de nosso Bom Deus. Com grande considera\u00e7\u00e3o a Dom Francisco Jos\u00e9 Zugliani, bispo em\u00e9rito, a quem substitu\u00ed na Par\u00f3quia e no Proped\u00eautico, quando ele foi nomeado como primeiro bispo de Amparo, e ao meu estimado ex-professor na PUC Campinas, Dom Pedro Carlos Cipolini, agora bispo diocesano de Santo Andr\u00e9 e Presidente da Comiss\u00e3o Episcopal Pastoral para a Doutrina da F\u00e9, em nossa Igreja no Brasil, pe\u00e7o a ora\u00e7\u00e3o de cada ovelha deste rebanho para que eu possa corresponder ao que o Bom Pastor deseja de mim. Agrade\u00e7o, desde j\u00e1, a acolhida dos irm\u00e3os bispos do Regional Sul 1 da CNBB, particularmente da Prov\u00edncia Eclesi\u00e1stica de Campinas, na pessoa de Dom Airton Jos\u00e9 dos Santos, arcebispo metropolitano\u201d.<br \/>Todos os fi\u00e9is da regi\u00e3o est\u00e3o convidados a celebrar este momento especial para Dom Luiz Gonzaga Fechio e para toda Diocese de Amparo. Participe da Santa Missa na Catedral Nossa Senhora do Amparo, dia 19 de mar\u00e7o, \u00e0s 15h00.<\/p>\n<p style=\"text-align: justify;\">Biografia de Dom Luiz Gonzaga Fechio <br \/>Luiz Gonzaga Fechio \u00e9 do clero diocesano de S\u00e3o Carlos\/SP. Nasceu aos 4 de dezembro de 1965, na cidade de Mat\u00e3o\/SP, onde tamb\u00e9m recebeu os sacramentos de sua inicia\u00e7\u00e3o crist\u00e3, na Par\u00f3quia Senhor Bom Jesus. Seus pais se chamam Ernesto Fechio e Iraci Paulichi Fechio e \u00e9 o filho mais novo de tr\u00eas: tem uma irm\u00e3, Rita de C\u00e1ssia, e um irm\u00e3o, Jos\u00e9 Antonio.<br \/>Ap\u00f3s ter feito o ensino fundamental na sua cidade natal, na Escola Estadual \u201cJos\u00e9 Inoc\u00eancio da Costa\u201d, com quinze anos ingressou no Semin\u00e1rio Menor Diocesano, em S\u00e3o Carlos, para cursar o ensino m\u00e9dio e, em seguida, o curso de Filosofia, tamb\u00e9m na pr\u00f3pria diocese. Entre os anos 1987 e 1990, estudou Teologia na PUC de Campinas. Foi ordenado di\u00e1cono na Catedral S\u00e3o Carlos Borromeu, em S\u00e3o Carlos, em 22 de abril, e em 14 de dezembro recebeu a ordena\u00e7\u00e3o presbiteral, na sua par\u00f3quia de origem. Ambas as ordena\u00e7\u00f5es aconteceram em 1990, pela imposi\u00e7\u00e3o das m\u00e3os de Dom Constantino Amstalden.<br \/>Nos seus dois primeiros anos de minist\u00e9rio (1991 e 1992) trabalhou na Par\u00f3quia Santo Ant\u00f4nio, em S\u00e3o Carlos, como vig\u00e1rio paroquial, administrador paroquial e p\u00e1roco, colaborando tamb\u00e9m no Semin\u00e1rio Diocesano como orientador espiritual e auxiliando em algumas aulas.<br \/>Nos cinco anos seguintes (1993 a 1997) foi vig\u00e1rio paroquial e p\u00e1roco nas cidades de Bariri e Itaju. Em 1998 foi transferido para Ja\u00fa, sucedendo o ent\u00e3o C\u00f4nego Francisco Jos\u00e9 Zugliani, nomeado primeiro bispo diocesano de Amparo. Atuou como p\u00e1roco nas par\u00f3quias Nossa Senhora do Patroc\u00ednio (1998 a 2000) e Nossa Senhora de F\u00e1tima (2001 a 2009), residindo no Semin\u00e1rio Proped\u00eautico, como reitor, entre os anos 1998 e 2006.<br \/>Nos dois anos posteriores (2007 e 2008) cursou uma p\u00f3s-gradua\u00e7\u00e3o (mestrado) em teologia moral, na Pontif\u00edcia faculdade de Teologia \u201cNossa Senhora da Assun\u00e7\u00e3o\u201d, em S\u00e3o Paulo. Retomou o Proped\u00eautico no segundo semestre de 2008 at\u00e9 o in\u00edcio do segundo semestre de 2009, quando foi transferido para exercer a fun\u00e7\u00e3o de reitor no Semin\u00e1rio Maior (Filosofia), em S\u00e3o Carlos.<br \/>De 18 de abril de 2010 at\u00e9 o momento de sua nomea\u00e7\u00e3o episcopal, em 19 de janeiro de 2011, pelo Papa Bento XVI, realizou seu trabalho pastoral na Par\u00f3quia Santos Anjos, em S\u00e3o Carlos. Durante o per\u00edodo em que trabalhou como formador participou, por alguns anos, do Conselho de Presb\u00edteros e Equipe de Formadores e foi membro do Cabido Diocesano.<br \/>Dom Luiz Gonzaga recebeu a ordena\u00e7\u00e3o episcopal na Catedral de S\u00e3o Carlos, em 19 de mar\u00e7o de 2011, tendo como ordenante principal Dom Walmor Oliveira de Azevedo, arcebispo metropolitano de Belo Horizonte, e, como co-ordenantes, Dom Bruno Gamberini, arcebispo metropolitano de Campinas, seu conterr\u00e2neo, falecido em agosto do mesmo ano, e Dom Paulo S\u00e9rgio Machado, bispo em\u00e9rito de S\u00e3o Carlos.<br \/>Iniciou oficialmente sua miss\u00e3o na Arquidiocese de Belo Horizonte, como bispo auxiliar, em 2 de abril de 2011, sendo designado, em especial, para a Regi\u00e3o Episcopal Nossa Senhora Aparecida (Contagem, Betim e mais onze munic\u00edpios, bem como uma parte de Belo Horizonte), num total de 80 par\u00f3quias e uma popula\u00e7\u00e3o estimada em um milh\u00e3o e meio de habitantes. Acompanhou a Pastoral Presbiteral da Arquidiocese e o Diaconato Permanente. Durante este tempo como bispo do Regional Leste 2 (Minas Gerais e Esp\u00edrito Santo) acompanhou a Pastoral para o Ecumenismo, particularmente com maior proximidade ao CONIC-MG, e as Pastorais Sociais, bem como a C\u00e1ritas MG. Em abril de 2014 foi designado como bispo referencial para a Pastoral do Menor Nacional.<\/p>\n<p style=\"text-align: justify;\">Fonte: Rede S\u00e9culo 21<\/p>\n","protected":false},"excerpt":{"rendered":"<p>A Rede S\u00e9culo 21 transmite neste s\u00e1bado, dia 19 de mar\u00e7o, a posse de Dom Luiz Gonzaga Fechio, novo Bispo da Diocese de Amparo (SP). A Santa Missa ser\u00e1 realizada a partir das 15h00, na Catedral Nossa Senhora do Amparo.O paulista dom Luiz Gonzaga Fechio, que era bispo auxiliar de Belo Horizonte, foi nomeado pelo [&hellip;]<\/p>\n","protected":false},"author":1,"featured_media":0,"comment_status":"open","ping_status":"open","sticky":false,"template":"","format":"standard","meta":{"footnotes":""},"categories":[4],"tags":[],"class_list":["post-13789","post","type-post","status-publish","format-standard","hentry","category-cotidiano"],"_links":{"self":[{"href":"https:\/\/catolicanet.net\/wp-cnet\/wp-json\/wp\/v2\/posts\/13789","targetHints":{"allow":["GET"]}}],"collection":[{"href":"https:\/\/catolicanet.net\/wp-cnet\/wp-json\/wp\/v2\/posts"}],"about":[{"href":"https:\/\/catolicanet.net\/wp-cnet\/wp-json\/wp\/v2\/types\/post"}],"author":[{"embeddable":true,"href":"https:\/\/catolicanet.net\/wp-cnet\/wp-json\/wp\/v2\/users\/1"}],"replies":[{"embeddable":true,"href":"https:\/\/catolicanet.net\/wp-cnet\/wp-json\/wp\/v2\/comments?post=13789"}],"version-history":[{"count":1,"href":"https:\/\/catolicanet.net\/wp-cnet\/wp-json\/wp\/v2\/posts\/13789\/revisions"}],"predecessor-version":[{"id":26309,"href":"https:\/\/catolicanet.net\/wp-cnet\/wp-json\/wp\/v2\/posts\/13789\/revisions\/26309"}],"wp:attachment":[{"href":"https:\/\/catolicanet.net\/wp-cnet\/wp-json\/wp\/v2\/media?parent=13789"}],"wp:term":[{"taxonomy":"category","embeddable":true,"href":"https:\/\/catolicanet.net\/wp-cnet\/wp-json\/wp\/v2\/categories?post=13789"},{"taxonomy":"post_tag","embeddable":true,"href":"https:\/\/catolicanet.net\/wp-cnet\/wp-json\/wp\/v2\/tags?post=13789"}],"curies":[{"name":"wp","href":"https:\/\/api.w.org\/{rel}","templated":true}]}}