{"id":13788,"date":"2016-03-15T15:02:50","date_gmt":"2016-03-15T18:02:50","guid":{"rendered":"http:\/\/catolicanet.net\/wp-cnet\/2016\/03\/15\/albania-busto-de-papa-francisco-no-centro-de-tirana\/"},"modified":"2017-06-02T09:39:40","modified_gmt":"2017-06-02T12:39:40","slug":"albania-busto-de-papa-francisco-no-centro-de-tirana","status":"publish","type":"post","link":"https:\/\/catolicanet.net\/wp-cnet\/albania-busto-de-papa-francisco-no-centro-de-tirana\/","title":{"rendered":"Alb\u00e2nia: busto de Papa Francisco no centro de Tirana"},"content":{"rendered":"<p style=\"text-align: justify;\"><img decoding=\"async\" src=\"http:\/\/catolicanet.com.br\/images\/stories\/geral\/epa2004746_articolo.jpg\" border=\"0\" align=\"left\" \/>Um busto do Papa Francisco foi erguido nesta ter\u00e7a-feira (15) numa \u00e1rea central da capital da Alb\u00e2nia. Sobre essa decis\u00e3o un\u00e2nime do conselho municipal de Tirana, o pa\u00eds \u2013 de uma maioria mu\u00e7ulmana \u2013 quis expressar com esse gesto, o reconhecimento ao pont\u00edfice pela sua visita \u00e0 capital em setembro de 2014.<\/p>\n<p>A cerim\u00f4nia contou com a participa\u00e7\u00e3o das m\u00e1ximas autoridades do pa\u00eds e de representantes de todas as comunidades religiosas. Na ocasi\u00e3o, o presidente da rep\u00fablica, Bujar Nishani, agradeceu o Papa Francisco tamb\u00e9m pela canoniza\u00e7\u00e3o de Madre Teresa, de origem albanesa. Madre Teresa ser\u00e1 proclamada santa no pr\u00f3ximo dia 4 de setembro. \u201cSer\u00e1 uma das importantes datas na hist\u00f3ria da Alb\u00e2nia e da na\u00e7\u00e3o albanesa\u201d, declarou Nishani.<\/p>\n<p>O busto do Papa Francisco foi erguido aos p\u00e9s da Pir\u00e2mide, um edif\u00edcio no cora\u00e7\u00e3o de Tirana, constru\u00eddo durante o regime comunista em mem\u00f3ria ao falecido ditador Enver Hoxha (1908-1985). Foi o l\u00edder que decidiu impor o ate\u00edsmo de Estado no final dos anos 60. Atrav\u00e9s de uma ditadura que durou 40 anos, Hoxha se esfor\u00e7ou com todos os meios e com viol\u00eancia para erradicar a consci\u00eancia religiosa das pessoas com a inten\u00e7\u00e3o de privar os albaneses da possibilidade de fazer a pergunta sobre Deus.<\/p>\n<p style=\"text-align: justify;\">Fonte: R\u00e1dio Vaticano<\/p>\n","protected":false},"excerpt":{"rendered":"<p>Um busto do Papa Francisco foi erguido nesta ter\u00e7a-feira (15) numa \u00e1rea central da capital da Alb\u00e2nia. Sobre essa decis\u00e3o un\u00e2nime do conselho municipal de Tirana, o pa\u00eds \u2013 de uma maioria mu\u00e7ulmana \u2013 quis expressar com esse gesto, o reconhecimento ao pont\u00edfice pela sua visita \u00e0 capital em setembro de 2014. A cerim\u00f4nia contou [&hellip;]<\/p>\n","protected":false},"author":1,"featured_media":0,"comment_status":"open","ping_status":"open","sticky":false,"template":"","format":"standard","meta":{"footnotes":""},"categories":[3],"tags":[],"class_list":["post-13788","post","type-post","status-publish","format-standard","hentry","category-vaticano"],"_links":{"self":[{"href":"https:\/\/catolicanet.net\/wp-cnet\/wp-json\/wp\/v2\/posts\/13788","targetHints":{"allow":["GET"]}}],"collection":[{"href":"https:\/\/catolicanet.net\/wp-cnet\/wp-json\/wp\/v2\/posts"}],"about":[{"href":"https:\/\/catolicanet.net\/wp-cnet\/wp-json\/wp\/v2\/types\/post"}],"author":[{"embeddable":true,"href":"https:\/\/catolicanet.net\/wp-cnet\/wp-json\/wp\/v2\/users\/1"}],"replies":[{"embeddable":true,"href":"https:\/\/catolicanet.net\/wp-cnet\/wp-json\/wp\/v2\/comments?post=13788"}],"version-history":[{"count":1,"href":"https:\/\/catolicanet.net\/wp-cnet\/wp-json\/wp\/v2\/posts\/13788\/revisions"}],"predecessor-version":[{"id":27643,"href":"https:\/\/catolicanet.net\/wp-cnet\/wp-json\/wp\/v2\/posts\/13788\/revisions\/27643"}],"wp:attachment":[{"href":"https:\/\/catolicanet.net\/wp-cnet\/wp-json\/wp\/v2\/media?parent=13788"}],"wp:term":[{"taxonomy":"category","embeddable":true,"href":"https:\/\/catolicanet.net\/wp-cnet\/wp-json\/wp\/v2\/categories?post=13788"},{"taxonomy":"post_tag","embeddable":true,"href":"https:\/\/catolicanet.net\/wp-cnet\/wp-json\/wp\/v2\/tags?post=13788"}],"curies":[{"name":"wp","href":"https:\/\/api.w.org\/{rel}","templated":true}]}}