{"id":13775,"date":"2016-03-14T18:17:25","date_gmt":"2016-03-14T21:17:25","guid":{"rendered":"http:\/\/catolicanet.net\/wp-cnet\/2016\/03\/14\/americaparaguai-caso-curuguaty-apressar-a-conclusao-para-ajudar-a-paz-social\/"},"modified":"2017-05-31T11:27:26","modified_gmt":"2017-05-31T14:27:26","slug":"americaparaguai-caso-curuguaty-apressar-a-conclusao-para-ajudar-a-paz-social","status":"publish","type":"post","link":"https:\/\/catolicanet.net\/wp-cnet\/americaparaguai-caso-curuguaty-apressar-a-conclusao-para-ajudar-a-paz-social\/","title":{"rendered":"AM\u00c9RICA\/PARAGUAI &#8211; Caso Curuguaty: apressar a conclus\u00e3o para ajudar a paz social"},"content":{"rendered":"<p style=\"text-align: justify;\">Assun\u00e7\u00e3o (Ag\u00eancia Fides) \u2013 Com uma declara\u00e7\u00e3o sobre o procedimento judici\u00e1rio relativo ao massacre de Curuguaty, ocorrido em 2012, encerrou-se ontem em Ypacara\u00ed a Assembleia n. 209 da Confer\u00eancia Episcopal do Paraguai (CEP). A nota enviada a Fides informa sobre a coletiva de imprensa com os jornalistas, durante a qual o Presidente da CEP, Dom Edmundo Valenzuela Mellid, SDB, Arcebispo de Assun\u00e7\u00e3o, pediu uma &#8220;justi\u00e7a r\u00e1pida e efetiva para este caso&#8221;. Em 15 de junho de 2012, houve um confronto entre camponeses e policiais, em que 17 pessoas foram assassinadas depois do despejo de um im\u00f3vel (veja Fides 18\/06\/2012).<br \/>O Arcebispo afirmou que o processo est\u00e1 se revelando muito longo e complexo, enquanto \u00e9 preciso acelerar uma &#8220;conclus\u00e3o imediata&#8221;. Os Bispos auspiciam um justi\u00e7a \u00e9qua e que n\u00e3o se repita aquilo que com frequ\u00eancia acontece no Paraguai, isto \u00e9, que \u201co culpado fique livre e o inocente seja condenado&#8221;.<br \/>L\u00ea-se na declara\u00e7\u00e3o dos Bispos: &#8220;Acreditamos sinceramente que o esclarecimento dos eventos ajudar\u00e1 a paz social. Um processo que se estende e se adia denota uma situa\u00e7\u00e3o injusta e promove as tens\u00f5es entre v\u00e1rios setores da sociedade. Compartilhamos a perplexidade de muitos cidad\u00e3os sobre os fatos mencionados e da opini\u00e3o p\u00fablica no que diz respeito aos camponeses envolvidos e os agentes de pol\u00edcia&#8221;.<br \/>O comunicado dos Bispos se conclui com esta afirma\u00e7\u00e3o: &#8220;A responsabilidade social, o respeito pelas leis e a aplica\u00e7\u00e3o dos procedimentos judici\u00e1rios civis e penais d\u00e3o for\u00e7a \u00e0 constru\u00e7\u00e3o de uma sociedade justa e segura para todos os paraguaios&#8221;.<\/p>\n<p style=\"text-align: justify;\">Fonte: Ag\u00eancia Fides<\/p>\n","protected":false},"excerpt":{"rendered":"<p>Assun\u00e7\u00e3o (Ag\u00eancia Fides) \u2013 Com uma declara\u00e7\u00e3o sobre o procedimento judici\u00e1rio relativo ao massacre de Curuguaty, ocorrido em 2012, encerrou-se ontem em Ypacara\u00ed a Assembleia n. 209 da Confer\u00eancia Episcopal do Paraguai (CEP). A nota enviada a Fides informa sobre a coletiva de imprensa com os jornalistas, durante a qual o Presidente da CEP, Dom [&hellip;]<\/p>\n","protected":false},"author":1,"featured_media":0,"comment_status":"open","ping_status":"open","sticky":false,"template":"","format":"standard","meta":{"footnotes":""},"categories":[4],"tags":[],"class_list":["post-13775","post","type-post","status-publish","format-standard","hentry","category-cotidiano"],"_links":{"self":[{"href":"https:\/\/catolicanet.net\/wp-cnet\/wp-json\/wp\/v2\/posts\/13775","targetHints":{"allow":["GET"]}}],"collection":[{"href":"https:\/\/catolicanet.net\/wp-cnet\/wp-json\/wp\/v2\/posts"}],"about":[{"href":"https:\/\/catolicanet.net\/wp-cnet\/wp-json\/wp\/v2\/types\/post"}],"author":[{"embeddable":true,"href":"https:\/\/catolicanet.net\/wp-cnet\/wp-json\/wp\/v2\/users\/1"}],"replies":[{"embeddable":true,"href":"https:\/\/catolicanet.net\/wp-cnet\/wp-json\/wp\/v2\/comments?post=13775"}],"version-history":[{"count":1,"href":"https:\/\/catolicanet.net\/wp-cnet\/wp-json\/wp\/v2\/posts\/13775\/revisions"}],"predecessor-version":[{"id":26313,"href":"https:\/\/catolicanet.net\/wp-cnet\/wp-json\/wp\/v2\/posts\/13775\/revisions\/26313"}],"wp:attachment":[{"href":"https:\/\/catolicanet.net\/wp-cnet\/wp-json\/wp\/v2\/media?parent=13775"}],"wp:term":[{"taxonomy":"category","embeddable":true,"href":"https:\/\/catolicanet.net\/wp-cnet\/wp-json\/wp\/v2\/categories?post=13775"},{"taxonomy":"post_tag","embeddable":true,"href":"https:\/\/catolicanet.net\/wp-cnet\/wp-json\/wp\/v2\/tags?post=13775"}],"curies":[{"name":"wp","href":"https:\/\/api.w.org\/{rel}","templated":true}]}}