{"id":13774,"date":"2016-03-14T18:16:40","date_gmt":"2016-03-14T21:16:40","guid":{"rendered":"http:\/\/catolicanet.net\/wp-cnet\/2016\/03\/14\/asiapaquistao-cristaos-nao-a-repatriacao-dos-refugiados-afegaos\/"},"modified":"2017-05-31T11:27:26","modified_gmt":"2017-05-31T14:27:26","slug":"asiapaquistao-cristaos-nao-a-repatriacao-dos-refugiados-afegaos","status":"publish","type":"post","link":"https:\/\/catolicanet.net\/wp-cnet\/asiapaquistao-cristaos-nao-a-repatriacao-dos-refugiados-afegaos\/","title":{"rendered":"\u00c1SIA\/PAQUIST\u00c3O &#8211; Crist\u00e3os: \u201cN\u00e3o\u201d \u00e0 repatria\u00e7\u00e3o dos refugiados afeg\u00e3os"},"content":{"rendered":"<p style=\"text-align: justify;\">Karachi (Ag\u00eancia Fides) &#8211; O governo paquistan\u00eas n\u00e3o repatrie os refugiados afeg\u00e3os que, por causa das dif\u00edceis condi\u00e7\u00f5es de vida e das terr\u00edveis condi\u00e7\u00f5es de seguran\u00e7a, deixaram h\u00e1 anos o seu pa\u00eds estabelecendo-se no Paquist\u00e3o: \u00e9 o que pedem as organiza\u00e7\u00f5es crist\u00e3s paquistanesas, junto com outras Ongs da sociedade civil. Como explica \u00e0 Fides o cat\u00f3lico paquistan\u00eas Aftab Alexander Mughal, respons\u00e1vel pela revista \u201cMinority Concern of Pakistan\u201d, o Paquist\u00e3o hospeda h\u00e1 mais de tr\u00eas anos cerca de 1,7 milh\u00f5es de refugiados registrados oficialmente, e 1,3 milh\u00f5es de refugiados n\u00e3o registrados. O Alto Comissariado da ONU para Refugiados estipulou um acordo com o Paquist\u00e3o para facilitar a repatria\u00e7\u00e3o volunt\u00e1ria dos refugiados afeg\u00e3os. No primeiro semestre do ano passado, mais de 50 mil refugiados afeg\u00e3os registrados foram repatriados. Muitos, por\u00e9m, n\u00e3o querem voltar atr\u00e1s, pois o Afeganist\u00e3o \u00e9 ainda perigoso. Sarfarz Clement e Javaid Nazir ativistas crist\u00e3os da Ong \u201cAction Against Poverty\u201d iniciaram uma campanha pedindo ao governo para n\u00e3o repatriar esses refugiados e fornecer-lhes ajuda em suas necessidades. Cerca de 36% dos refugiados afeg\u00e3os vivem ainda nos campos de refugiados. \u201cA sua vida n\u00e3o \u00e9 f\u00e1cil, mas ainda n\u00e3o h\u00e1 esperan\u00e7a de uma condi\u00e7\u00e3o melhor de vida no Afeganist\u00e3o. Existem muitos afeg\u00e3os cujas fam\u00edlias plantaram ra\u00edzes no Paquist\u00e3o. Os seus filhos nasceram ali e acreditam que sua terra m\u00e3e seja o Paquist\u00e3o. Eles abandonaram completamente a ideia de voltar ao Afeganist\u00e3o\u201d, explica \u00e0 Fides Aftab Alexander Mughal. O Paquist\u00e3o, como signat\u00e1rio da Declara\u00e7\u00e3o Universal dos Direitos Humanos, \u201ctem a obriga\u00e7\u00e3o de fornecer a prote\u00e7\u00e3o necess\u00e1ria aos refugiados e garantir-lhes assist\u00eancia e ajuda\u201d, concluiu.<\/p>\n<p style=\"text-align: justify;\">Fonte: Ag\u00eancia Fides<\/p>\n","protected":false},"excerpt":{"rendered":"<p>Karachi (Ag\u00eancia Fides) &#8211; O governo paquistan\u00eas n\u00e3o repatrie os refugiados afeg\u00e3os que, por causa das dif\u00edceis condi\u00e7\u00f5es de vida e das terr\u00edveis condi\u00e7\u00f5es de seguran\u00e7a, deixaram h\u00e1 anos o seu pa\u00eds estabelecendo-se no Paquist\u00e3o: \u00e9 o que pedem as organiza\u00e7\u00f5es crist\u00e3s paquistanesas, junto com outras Ongs da sociedade civil. Como explica \u00e0 Fides o [&hellip;]<\/p>\n","protected":false},"author":1,"featured_media":0,"comment_status":"open","ping_status":"open","sticky":false,"template":"","format":"standard","meta":{"footnotes":""},"categories":[4],"tags":[],"class_list":["post-13774","post","type-post","status-publish","format-standard","hentry","category-cotidiano"],"_links":{"self":[{"href":"https:\/\/catolicanet.net\/wp-cnet\/wp-json\/wp\/v2\/posts\/13774","targetHints":{"allow":["GET"]}}],"collection":[{"href":"https:\/\/catolicanet.net\/wp-cnet\/wp-json\/wp\/v2\/posts"}],"about":[{"href":"https:\/\/catolicanet.net\/wp-cnet\/wp-json\/wp\/v2\/types\/post"}],"author":[{"embeddable":true,"href":"https:\/\/catolicanet.net\/wp-cnet\/wp-json\/wp\/v2\/users\/1"}],"replies":[{"embeddable":true,"href":"https:\/\/catolicanet.net\/wp-cnet\/wp-json\/wp\/v2\/comments?post=13774"}],"version-history":[{"count":1,"href":"https:\/\/catolicanet.net\/wp-cnet\/wp-json\/wp\/v2\/posts\/13774\/revisions"}],"predecessor-version":[{"id":26314,"href":"https:\/\/catolicanet.net\/wp-cnet\/wp-json\/wp\/v2\/posts\/13774\/revisions\/26314"}],"wp:attachment":[{"href":"https:\/\/catolicanet.net\/wp-cnet\/wp-json\/wp\/v2\/media?parent=13774"}],"wp:term":[{"taxonomy":"category","embeddable":true,"href":"https:\/\/catolicanet.net\/wp-cnet\/wp-json\/wp\/v2\/categories?post=13774"},{"taxonomy":"post_tag","embeddable":true,"href":"https:\/\/catolicanet.net\/wp-cnet\/wp-json\/wp\/v2\/tags?post=13774"}],"curies":[{"name":"wp","href":"https:\/\/api.w.org\/{rel}","templated":true}]}}