{"id":13772,"date":"2016-03-14T17:59:12","date_gmt":"2016-03-14T20:59:12","guid":{"rendered":"http:\/\/catolicanet.net\/wp-cnet\/2016\/03\/14\/orgulho-down-associacoes-internacionais-combatem-uma-discriminacao-que-ja-comeca-no-pre-natal\/"},"modified":"2017-05-31T13:34:00","modified_gmt":"2017-05-31T16:34:00","slug":"orgulho-down-associacoes-internacionais-combatem-uma-discriminacao-que-ja-comeca-no-pre-natal","status":"publish","type":"post","link":"https:\/\/catolicanet.net\/wp-cnet\/orgulho-down-associacoes-internacionais-combatem-uma-discriminacao-que-ja-comeca-no-pre-natal\/","title":{"rendered":"\u201cOrgulho Down\u201d: associa\u00e7\u00f5es internacionais combatem uma discrimina\u00e7\u00e3o que j\u00e1 come\u00e7a no pr\u00e9-natal"},"content":{"rendered":"<p style=\"text-align: justify;\"><img decoding=\"async\" src=\"http:\/\/catolicanet.com.br\/images\/stories\/geral\/rzn-_2al9ud.jpg\" border=\"0\" align=\"left\" \/>21 de mar\u00e7o, 11\u00aa Jornada Mundial da Trissomia 21: prepare-se e participe destas duas iniciativas em favor dos nossos irm\u00e3os com S\u00edndrome de Down!<\/p>\n<p>A funda\u00e7\u00e3o francesa Jer\u00f4me Lejeune e a associa\u00e7\u00e3o canadense-holandesa Downpride est\u00e3o organizando um abaixo-assinado mundial para exigir a proibi\u00e7\u00e3o do exame pr\u00e9-natal que identifica a s\u00edndrome de Down. O abaixo-assinado ser\u00e1 apresentado no pr\u00f3ximo dia 21 de mar\u00e7o, data em que se celebra a 11\u00aa Jornada Mundial da Trissomia 21.<\/p>\n<p><img decoding=\"async\" src=\"http:\/\/catolicanet.com.br\/images\/stories\/geral\/w27pnopybxldzc19.jpg\" border=\"0\" align=\"right\" \/>Os destinat\u00e1rios do documento s\u00e3o os l\u00edderes das maiores institui\u00e7\u00f5es internacionais que, em tese, deveriam garantir o respeito pleno pelos direitos humanos: Ban Ki-moon, secret\u00e1rio geral da ONU; o pr\u00edncipe saudita Zeid Ra\u2019ad Al Hussein, alto comiss\u00e1rio da ONU para os Direitos Humanos; Nils Mui\u017enieks, comiss\u00e1rio do Conselho da Europa para os Direitos Humanos; e Frans Timmermans, comiss\u00e1rio europeu para a Carta dos Direitos Fundamentais.<\/p>\n<p>O abaixo-assinado pede que os governos \u201celiminem dos programas de sa\u00fade p\u00fablica o exame pr\u00e9-natal que identifica a s\u00edndrome de Down e apliquem \u00e0 triagem pr\u00e9-natal os princ\u00edpios internacionais da Declara\u00e7\u00e3o Universal dos Direitos Humanos, da Conven\u00e7\u00e3o de Oviedo e da Corte Europeia de Direitos Humanos, limitando os exames gen\u00e9ticos \u00e0 melhora dos cuidados e da sa\u00fade das pessoas e impedindo-os de gerar discrimina\u00e7\u00f5es\u201d.<\/p>\n<p><img decoding=\"async\" src=\"http:\/\/catolicanet.com.br\/images\/stories\/geral\/6316b7.jpg\" border=\"0\" align=\"left\" \/>O documento denuncia que mais de 90% das crian\u00e7as com a trissomia 21 s\u00e3o hoje abortadas e que existe uma perspectiva de se aumentar mais ainda o n\u00famero desses abortos seletivos, dado que \u201cmuitos pa\u00edses incluem nos exames pr\u00e9-natal um teste gen\u00e9tico para detectar a s\u00edndrome de Down\u201d. Uma vez detectada essa condi\u00e7\u00e3o, muitos pais optam por abortar seus filhos.<\/p>\n<p>Mas as crian\u00e7as que nascem com a s\u00edndrome \u201cpodem hoje esperar uma vida longa e de boa qualidade\u201d, afirmam os organizadores do abaixo-assinado, observando, al\u00e9m disso, que, em compara\u00e7\u00e3o com as fam\u00edlias ditas \u201cnormais\u201d, \u201cas pessoas com trissomia 21 e seus familiares atingem uma vis\u00e3o melhor sobre a vida\u201d.<\/p>\n<p><img decoding=\"async\" src=\"http:\/\/catolicanet.com.br\/images\/stories\/geral\/sqdcp9_xhe.jpg\" border=\"0\" align=\"right\" \/>A funda\u00e7\u00e3o Novae Terrae, que apoia a campanha, define o abaixo-assinado como \u201cuma iniciativa urgente da humanidade\u201d. Seu diretor geral, Luca Volont\u00e8, observa que \u201cos novos testes gen\u00e9ticos pr\u00e9-natal agravar\u00e3o o n\u00famero j\u00e1 dram\u00e1tico de abortos de crian\u00e7as com a s\u00edndrome de Down. Nosso mundo ocidental, que se mostra seriamente interessado pelo humano, n\u00e3o pode virar os olhos diante dessas contradi\u00e7\u00f5es que o desfiguram\u201d. Para Volont\u00e8, a discrimina\u00e7\u00e3o contra as pessoas com a trissomia 21 \u00e9 uma \u201csilenciosa viola\u00e7\u00e3o dos direitos humanos\u201d.<\/p>\n<p>PARTICIPE:<\/p>\n<p> INICIATIVA 1 \u2013 Se voc\u00ea deseja participar do abaixo-assinado, pode acess\u00e1-lo online nesta p\u00e1gina da iniciativa Stop Discriminating Down.<\/p>\n<p> INICIATIVA 2 \u2013 Participe tamb\u00e9m da campanha de sensibiliza\u00e7\u00e3o \u201cLots of Socks\u201d [\u201cUm Monte de Meias\u201d], lan\u00e7ada pela ONG World Down Syndrome Day: a campanha pede que as pessoas vistam meias coloridas no dia 21 de mar\u00e7o e postem nas redes sociais uma selfie para demonstrar seu carinho e apoio \u00e0s pessoas com a s\u00edndrome.<\/p>\n<p>A data de 21 de mar\u00e7o foi escolhida para o Dia Mundial da Trissomia 21 porque os n\u00fameros 21\/3 fazem alus\u00e3o, precisamente, \u00e0 trissomia do cromossomo 21.<\/p>\n<p style=\"text-align: justify;\">Fonte: Aleteia<\/p>\n","protected":false},"excerpt":{"rendered":"<p>21 de mar\u00e7o, 11\u00aa Jornada Mundial da Trissomia 21: prepare-se e participe destas duas iniciativas em favor dos nossos irm\u00e3os com S\u00edndrome de Down! A funda\u00e7\u00e3o francesa Jer\u00f4me Lejeune e a associa\u00e7\u00e3o canadense-holandesa Downpride est\u00e3o organizando um abaixo-assinado mundial para exigir a proibi\u00e7\u00e3o do exame pr\u00e9-natal que identifica a s\u00edndrome de Down. O abaixo-assinado ser\u00e1 [&hellip;]<\/p>\n","protected":false},"author":1,"featured_media":0,"comment_status":"open","ping_status":"open","sticky":false,"template":"","format":"standard","meta":{"footnotes":""},"categories":[4],"tags":[],"class_list":["post-13772","post","type-post","status-publish","format-standard","hentry","category-cotidiano"],"_links":{"self":[{"href":"https:\/\/catolicanet.net\/wp-cnet\/wp-json\/wp\/v2\/posts\/13772","targetHints":{"allow":["GET"]}}],"collection":[{"href":"https:\/\/catolicanet.net\/wp-cnet\/wp-json\/wp\/v2\/posts"}],"about":[{"href":"https:\/\/catolicanet.net\/wp-cnet\/wp-json\/wp\/v2\/types\/post"}],"author":[{"embeddable":true,"href":"https:\/\/catolicanet.net\/wp-cnet\/wp-json\/wp\/v2\/users\/1"}],"replies":[{"embeddable":true,"href":"https:\/\/catolicanet.net\/wp-cnet\/wp-json\/wp\/v2\/comments?post=13772"}],"version-history":[{"count":1,"href":"https:\/\/catolicanet.net\/wp-cnet\/wp-json\/wp\/v2\/posts\/13772\/revisions"}],"predecessor-version":[{"id":26316,"href":"https:\/\/catolicanet.net\/wp-cnet\/wp-json\/wp\/v2\/posts\/13772\/revisions\/26316"}],"wp:attachment":[{"href":"https:\/\/catolicanet.net\/wp-cnet\/wp-json\/wp\/v2\/media?parent=13772"}],"wp:term":[{"taxonomy":"category","embeddable":true,"href":"https:\/\/catolicanet.net\/wp-cnet\/wp-json\/wp\/v2\/categories?post=13772"},{"taxonomy":"post_tag","embeddable":true,"href":"https:\/\/catolicanet.net\/wp-cnet\/wp-json\/wp\/v2\/tags?post=13772"}],"curies":[{"name":"wp","href":"https:\/\/api.w.org\/{rel}","templated":true}]}}