{"id":13769,"date":"2016-03-14T17:41:28","date_gmt":"2016-03-14T20:41:28","guid":{"rendered":"http:\/\/catolicanet.net\/wp-cnet\/2016\/03\/14\/qcuidar-da-nossa-casa-para-ser-igreja-em-saidaqe-tema-da-assembleia-do-conselho-missionario-nacional\/"},"modified":"2017-05-26T16:13:44","modified_gmt":"2017-05-26T19:13:44","slug":"qcuidar-da-nossa-casa-para-ser-igreja-em-saidaqe-tema-da-assembleia-do-conselho-missionario-nacional","status":"publish","type":"post","link":"https:\/\/catolicanet.net\/wp-cnet\/qcuidar-da-nossa-casa-para-ser-igreja-em-saidaqe-tema-da-assembleia-do-conselho-missionario-nacional\/","title":{"rendered":"&#8220;Cuidar da nossa casa para ser Igreja em sa\u00edda&#8221;\u00e9 tema da Assembleia do Conselho Mission\u00e1rio Nacional"},"content":{"rendered":"<p style=\"text-align: justify;\"><img decoding=\"async\" src=\"http:\/\/catolicanet.com.br\/images\/stories\/geral\/assembleiac.jpg\" border=\"0\" align=\"left\" \/>Enc\u00edclica Laudato Si\u00b4 do papa Francisco motivou as reflex\u00f5es do encontro<\/p>\n<p>Cerca de 50 lideran\u00e7as, entre bispos, coordenadores participaram da 33\u00aa Assembleia Anual do Conselho Mission\u00e1rio Nacional (Comina), de 11 a 13 de mar\u00e7o, na sede das Pontif\u00edcias Obras Mission\u00e1rias (POM). <\/p>\n<p>A proposta central do encontro foi avaliar a caminhada dos Conselhos Mission\u00e1rios Regionais e Diocesanos (Comires e Comidis), na tentativa de fortalecer o protagonismo na anima\u00e7\u00e3o e coopera\u00e7\u00e3o mission\u00e1ria na Igreja local. <\/p>\n<p>O tema \u201cCuidar da nossa Casa para ser Igreja em sa\u00edda\u201d motivou os trabalhos da Assembleia, com reflex\u00e3o a partir da Enc\u00edclica Laudato Si\u00b4 do papa Francisco. O Documento de Estudo 108 da CNBB \u201cMiss\u00e3o e Coopera\u00e7\u00e3o Mission\u00e1ria\u201d, tamb\u00e9m foi tratado durante o encontro. <\/p>\n<p><img decoding=\"async\" src=\"http:\/\/catolicanet.com.br\/images\/stories\/geral\/domesmeraldod.jpg\" border=\"0\" align=\"right\" \/>Redescobrir a miss\u00e3o<\/p>\n<p>O bispo auxiliar de S\u00e3o Lu\u00eds (MA) e presidente da Comiss\u00e3o Episcopal para a A\u00e7\u00e3o Mission\u00e1ria e Coopera\u00e7\u00e3o Intereclesial da CNBB, dom Esmeraldo Barreto de Farias, agradeceu a participa\u00e7\u00e3o dos leigos, religiosos, bispos referenciais para a miss\u00e3o, presb\u00edteros, di\u00e1conos e seminaristas. \u201cEssa representatividade \u00e9 muito importante para maior integra\u00e7\u00e3o na viv\u00eancia da miss\u00e3o\u201d, avaliou o bispo.<\/p>\n<p>Na vis\u00e3o do bispo, a Enc\u00edclica do papa Francisco sobre o meio ambiente, trouxe motiva\u00e7\u00f5es mission\u00e1rias. \u201cPrecisamos redescobrir a miss\u00e3o que Deus nos d\u00e1 a partir desse lugar. Somos chamados a ir ao encontro das pessoas nessas realidades que s\u00e3o t\u00e3o exigentes\u201d, disse dom Esmeraldo. <\/p>\n<p>Ainda, na mensagem, recordou ser preciso aprimorar o trabalho dos Comires, incentivar os Comidis e fortalecer os Conselhos Mission\u00e1rios Paroquiais (Comipas).<\/p>\n<p>Na missa, o presidente da celebra\u00e7\u00e3o, o bispo de Chapec\u00f3 (SC), dom Oderil Jos\u00e9 Magri, recordou que \u201ca miss\u00e3o se faz com os p\u00e9s dos que partem, com os joelhos dos que rezam e com as m\u00e3os dos que ajudam\u201d. <\/p>\n<p>O encerramento da Assembleia foi marcado por momento de ora\u00e7\u00e3o, ao redor da Cruz da Miss\u00e3o.<\/p>\n<p>Em 2017, o Brasil sediar\u00e1 o 4\u00ba Congresso Mission\u00e1rio Nacional, de\u00a0 7 a 10 de setembro de 2017, em Recife (PE).<br \/>CNBB com informa\u00e7\u00f5es e fotos das POM.<\/p>\n<p style=\"text-align: justify;\">Fonte: CNBB<\/p>\n","protected":false},"excerpt":{"rendered":"<p>Enc\u00edclica Laudato Si\u00b4 do papa Francisco motivou as reflex\u00f5es do encontro Cerca de 50 lideran\u00e7as, entre bispos, coordenadores participaram da 33\u00aa Assembleia Anual do Conselho Mission\u00e1rio Nacional (Comina), de 11 a 13 de mar\u00e7o, na sede das Pontif\u00edcias Obras Mission\u00e1rias (POM). A proposta central do encontro foi avaliar a caminhada dos Conselhos Mission\u00e1rios Regionais e [&hellip;]<\/p>\n","protected":false},"author":1,"featured_media":0,"comment_status":"open","ping_status":"open","sticky":false,"template":"","format":"standard","meta":{"footnotes":""},"categories":[7],"tags":[],"class_list":["post-13769","post","type-post","status-publish","format-standard","hentry","category-cnbb"],"_links":{"self":[{"href":"https:\/\/catolicanet.net\/wp-cnet\/wp-json\/wp\/v2\/posts\/13769","targetHints":{"allow":["GET"]}}],"collection":[{"href":"https:\/\/catolicanet.net\/wp-cnet\/wp-json\/wp\/v2\/posts"}],"about":[{"href":"https:\/\/catolicanet.net\/wp-cnet\/wp-json\/wp\/v2\/types\/post"}],"author":[{"embeddable":true,"href":"https:\/\/catolicanet.net\/wp-cnet\/wp-json\/wp\/v2\/users\/1"}],"replies":[{"embeddable":true,"href":"https:\/\/catolicanet.net\/wp-cnet\/wp-json\/wp\/v2\/comments?post=13769"}],"version-history":[{"count":1,"href":"https:\/\/catolicanet.net\/wp-cnet\/wp-json\/wp\/v2\/posts\/13769\/revisions"}],"predecessor-version":[{"id":23821,"href":"https:\/\/catolicanet.net\/wp-cnet\/wp-json\/wp\/v2\/posts\/13769\/revisions\/23821"}],"wp:attachment":[{"href":"https:\/\/catolicanet.net\/wp-cnet\/wp-json\/wp\/v2\/media?parent=13769"}],"wp:term":[{"taxonomy":"category","embeddable":true,"href":"https:\/\/catolicanet.net\/wp-cnet\/wp-json\/wp\/v2\/categories?post=13769"},{"taxonomy":"post_tag","embeddable":true,"href":"https:\/\/catolicanet.net\/wp-cnet\/wp-json\/wp\/v2\/tags?post=13769"}],"curies":[{"name":"wp","href":"https:\/\/api.w.org\/{rel}","templated":true}]}}