{"id":13766,"date":"2016-03-14T14:05:22","date_gmt":"2016-03-14T17:05:22","guid":{"rendered":"http:\/\/catolicanet.net\/wp-cnet\/2016\/03\/14\/qet-ecce-intus-eras-et-ego-foris-et-ibi-te-quaerebam-et-in-ista-formosa-quae-fecisti-deformis-irruebamq\/"},"modified":"2017-05-31T11:27:28","modified_gmt":"2017-05-31T14:27:28","slug":"qet-ecce-intus-eras-et-ego-foris-et-ibi-te-quaerebam-et-in-ista-formosa-quae-fecisti-deformis-irruebamq","status":"publish","type":"post","link":"https:\/\/catolicanet.net\/wp-cnet\/qet-ecce-intus-eras-et-ego-foris-et-ibi-te-quaerebam-et-in-ista-formosa-quae-fecisti-deformis-irruebamq\/","title":{"rendered":"&#8220;Et ecce intus eras et ego foris et ibi te quaerebam, et in ista formosa quae fecisti deformis irruebam&#8230;&#8221;"},"content":{"rendered":"<p style=\"text-align: justify;\"><img decoding=\"async\" src=\"http:\/\/catolicanet.com.br\/images\/stories\/geral\/web-man-look.jpg\" border=\"0\" align=\"left\" \/>1. Tarde Te amei, \u00f3 Beleza t\u00e3o antiga e t\u00e3o nova\u2026 Tarde Te amei! Trinta anos estive longe de Deus. Mas, durante esse tempo, algo se movia dentro do meu cora\u00e7\u00e3o\u2026 Eu era inquieto, algu\u00e9m que buscava a felicidade, buscava algo que n\u00e3o achava\u2026 Mas Tu Te compadeceste de mim e tudo mudou, porque Tu me deixaste conhecer-Te. Entrei no meu \u00edntimo sob a Tua Guia e consegui, porque Tu Te fizeste meu aux\u00edlio.<\/p>\n<p>2. Tu estavas dentro de mim e eu fora\u2026 \u201cOs homens saem para fazer passeios, a fim de admirar o alto dos montes, o ru\u00eddo incessante dos mares, o belo e ininterrupto curso dos rios, os majestosos movimentos dos astros. E, no entanto, passam ao largo de si mesmos. N\u00e3o se arriscam na aventura de um passeio interior\u201d. Durante os anos de minha juventude, pus meu cora\u00e7\u00e3o em coisas exteriores que s\u00f3 faziam me afastar cada vez mais d\u2019Aquele a Quem meu cora\u00e7\u00e3o, sem saber, desejava\u2026 Eis que estavas dentro e eu fora! Seguravam-me longe de Ti as coisas que n\u00e3o existiriam sen\u00e3o em Ti. Estavas comigo e n\u00e3o eu Contigo\u2026<\/p>\n<p>3. Mas Tu me chamaste, clamaste por mim e Teu grito rompeu a minha surdez\u2026 \u201cFizeste-me entrar em mim mesmo\u2026 Para n\u00e3o olhar para dentro de mim, eu tinha me escondido. Mas Tu me arrancaste do meu esconderijo e me puseste diante de mim mesmo, a fim de que eu enxergasse o indigno que era, o qu\u00e3o deformado, manchado e sujo eu estava\u201d. Em meio \u00e0 luta, recorri a meu grande amigo Al\u00edpio e lhe disse: \u201cOs ignorantes nos arrebatam o c\u00e9u e n\u00f3s, com toda a nossa ci\u00eancia, nos debatemos em nossa carne\u201d. Assim me encontrava, chorando desconsolado, enquanto perguntava a mim mesmo quando deixaria de dizer \u201cAmanh\u00e3, amanh\u00e3\u201d\u2026 Foi ent\u00e3o que escutei uma voz que vinha da casa vizinha\u2026 Uma voz que dizia: \u201cPega e l\u00ea. Pega e l\u00ea!\u201d.<\/p>\n<p>4. Brilhaste, resplandeceste sobre mim e afugentaste a minha cegueira. Ent\u00e3o corri \u00e0 B\u00edblia, abri-a e li o primeiro cap\u00edtulo sobre o qual caiu o meu olhar. Pertencia \u00e0 carta de S\u00e3o Paulo aos Romanos e dizia assim: \u201cN\u00e3o em orgias e bebedeiras, nem na devassid\u00e3o e libertinagem, nem nas rixas e ci\u00fames. Mas revesti-vos do Senhor Jesus Cristo\u201d (Rm 13,13s). Aquelas Palavras ressoaram dentro de mim. Pareciam escritas por uma pessoa que me conhecia, que sabia da minha vida.<\/p>\n<p>5. Exalaste Teu Perfume e respirei. Agora suspiro por Ti, anseio por Ti! Deus\u2026 de Quem separar-se \u00e9 morrer, de Quem aproximar-se \u00e9 ressuscitar, com Quem habitar \u00e9 viver. Deus\u2026 de Quem fugir \u00e9 cair, a Quem voltar \u00e9 levantar-se, em Quem apoiar-se \u00e9 estar seguro. Deus\u2026 a Quem esquecer \u00e9 perecer, a Quem buscar \u00e9 renascer, a Quem conhecer \u00e9 possuir. Foi assim que descobri a Deus e me dei conta de que, no fundo, era a Ele, mesmo sem saber, a Quem buscava ardentemente o meu cora\u00e7\u00e3o.<\/p>\n<p>6. Provei-Te, e, agora, tenho fome e sede de Ti. Tocaste-me, e agora ardo por Tua Paz. \u201cDeus come\u00e7a a habitar em ti quando tu come\u00e7as a am\u00e1-Lo\u201d. Vi dentro de mim a Luz Imut\u00e1vel, Forte e Brilhante! Quem conhece a Verdade conhece esta Luz. \u00d3 Eterna Verdade! Verdadeira Caridade! Tu \u00e9s o meu Deus! Por Ti suspiro dia e noite desde que Te conheci. E mostraste-me ent\u00e3o Quem eras. E irradiaste sobre mim a Tua For\u00e7a dando-me o Teu Amor!<\/p>\n<p>7. E agora, Senhor, s\u00f3 amo a Ti! S\u00f3 sigo a Ti! S\u00f3 busco a Ti! S\u00f3 ardo por Ti!\u2026<\/p>\n<p>8. Tarde te amei! Tarde Te amei, \u00f3 Beleza t\u00e3o antiga e t\u00e3o nova! Tarde demais eu Te amei! Eis que estavas dentro, e eu, fora \u2013 e fora Te buscava, e me lan\u00e7ava, disforme e nada belo, perante a beleza de tudo e de todos que criaste. Estavas comigo, e eu n\u00e3o estava Contigo\u2026 Seguravam-me longe de Ti as coisas que n\u00e3o existiriam sen\u00e3o em Ti. Chamaste, clamaste por mim e rompeste a minha surdez. Brilhaste, resplandeceste, e a Tua Luz afugentou minha cegueira. Exalaste o Teu Perfume e, respirando-o, suspirei por Ti, Te desejei. Eu Te provei, Te saboreei e, agora, tenho fome e sede de Ti. Tocaste-me e agora ardo em desejos por Tua Paz!<\/p>\n<p>Santo Agostinho, Confiss\u00f5es 10, 27-29<\/p>\n<p style=\"text-align: justify;\">Fonte: Aleteia<\/p>\n","protected":false},"excerpt":{"rendered":"<p>1. Tarde Te amei, \u00f3 Beleza t\u00e3o antiga e t\u00e3o nova\u2026 Tarde Te amei! Trinta anos estive longe de Deus. Mas, durante esse tempo, algo se movia dentro do meu cora\u00e7\u00e3o\u2026 Eu era inquieto, algu\u00e9m que buscava a felicidade, buscava algo que n\u00e3o achava\u2026 Mas Tu Te compadeceste de mim e tudo mudou, porque Tu [&hellip;]<\/p>\n","protected":false},"author":1,"featured_media":0,"comment_status":"open","ping_status":"open","sticky":false,"template":"","format":"standard","meta":{"footnotes":""},"categories":[4],"tags":[],"class_list":["post-13766","post","type-post","status-publish","format-standard","hentry","category-cotidiano"],"_links":{"self":[{"href":"https:\/\/catolicanet.net\/wp-cnet\/wp-json\/wp\/v2\/posts\/13766","targetHints":{"allow":["GET"]}}],"collection":[{"href":"https:\/\/catolicanet.net\/wp-cnet\/wp-json\/wp\/v2\/posts"}],"about":[{"href":"https:\/\/catolicanet.net\/wp-cnet\/wp-json\/wp\/v2\/types\/post"}],"author":[{"embeddable":true,"href":"https:\/\/catolicanet.net\/wp-cnet\/wp-json\/wp\/v2\/users\/1"}],"replies":[{"embeddable":true,"href":"https:\/\/catolicanet.net\/wp-cnet\/wp-json\/wp\/v2\/comments?post=13766"}],"version-history":[{"count":1,"href":"https:\/\/catolicanet.net\/wp-cnet\/wp-json\/wp\/v2\/posts\/13766\/revisions"}],"predecessor-version":[{"id":26318,"href":"https:\/\/catolicanet.net\/wp-cnet\/wp-json\/wp\/v2\/posts\/13766\/revisions\/26318"}],"wp:attachment":[{"href":"https:\/\/catolicanet.net\/wp-cnet\/wp-json\/wp\/v2\/media?parent=13766"}],"wp:term":[{"taxonomy":"category","embeddable":true,"href":"https:\/\/catolicanet.net\/wp-cnet\/wp-json\/wp\/v2\/categories?post=13766"},{"taxonomy":"post_tag","embeddable":true,"href":"https:\/\/catolicanet.net\/wp-cnet\/wp-json\/wp\/v2\/tags?post=13766"}],"curies":[{"name":"wp","href":"https:\/\/api.w.org\/{rel}","templated":true}]}}