{"id":13764,"date":"2016-03-14T13:12:38","date_gmt":"2016-03-14T16:12:38","guid":{"rendered":"http:\/\/catolicanet.net\/wp-cnet\/2016\/03\/14\/mais-pedras-para-construir-e-menos-para-atirar\/"},"modified":"2017-05-31T11:27:29","modified_gmt":"2017-05-31T14:27:29","slug":"mais-pedras-para-construir-e-menos-para-atirar","status":"publish","type":"post","link":"https:\/\/catolicanet.net\/wp-cnet\/mais-pedras-para-construir-e-menos-para-atirar\/","title":{"rendered":"Mais pedras para construir e menos para atirar"},"content":{"rendered":"<p style=\"text-align: justify;\"><img decoding=\"async\" src=\"http:\/\/catolicanet.com.br\/images\/stories\/geral\/liturgia_dom_820.jpg\" border=\"0\" align=\"left\" \/>TODAS AS REFLEX\u00d5ES<\/p>\n<p> Apresenta\u00e7\u00e3o, Frei Gustavo Medella<br \/> Evangelho de Jo 8,1-11<br \/> \u201c5\u00ba Domingo da Quaresma\u201d, de Frei Ludovico Garmus<br \/> \u201cN\u00e3o atirar pedras\u201d, de Jos\u00e9 Antonio Pagola<br \/> \u201cDeus joga longe o pecado!\u201d, de Pe Johan Konings<br \/> Reflex\u00e3o em v\u00eddeo de Frei Alvaci Mendes da Luz<\/p>\n<p>Frei Gustavo Medella<\/p>\n<p>Na vida todos carregamos pedras. \u00c9 o peso da exist\u00eancia, o pre\u00e7o da finitude. S\u00e3o nossas contradi\u00e7\u00f5es, condicionamentos, inconsist\u00eancias e incoer\u00eancias. S\u00e3o os esfor\u00e7os que precisamos empreender para garantir o p\u00e3o de cada dia, para nos tornarmos mais h\u00e1beis, competentes, melhores. S\u00e3o as pedras de nossas escolhas sobre as quais plantamos nosso projeto de vida. Pedras. Todos as carregamos\u2026<\/p>\n<p>E, se o poeta lembra: \u201cA m\u00e3o que afaga \u00e9 a mesma que apedreja\u201d, cabe recordarmos tamb\u00e9m que a pedra que edifica \u00e9 a mesma que machuca, fere e mata quando atirada com este fim ou, \u00e0s vezes, quando lan\u00e7ada ao l\u00e9u, sem responsabilidade.<\/p>\n<p>No Evangelho deste fim de semana, doutores da lei e fariseus quiseram depor o peso de suas pedras sobre a pobre mulher, desafortunadamente flagrada em adult\u00e9rio. Os cora\u00e7\u00f5es adulterados pela hipocrisia, pela frieza e pela observ\u00e2ncia est\u00e9ril de um preceito queriam dar um destino precipitado \u00e0s pedras de condena\u00e7\u00e3o que traziam. E mais, queriam envolver Jesus na trama malvada de suas inconsist\u00eancias.<\/p>\n<p>O Mestre, part\u00edcipe por natureza da Sabedoria Divina, n\u00e3o se deixou levar pelo grito e pela euforia da massa. Ao contr\u00e1rio, colocou cada um no seu lugar, como quem dissesse: \u201cCada um trate de carregar com responsabilidade as pedras e pesos da pr\u00f3pria exist\u00eancia. Parem de condenar outros e de tentar extinguir do lado de fora o mal que cada um carrega dentro de si\u201d. Creio ter sido este o choque provocado nos ouvintes ao se depararem com a senten\u00e7a: \u201cQuem de v\u00f3s n\u00e3o tiver pecado, que atire a primeira pedra\u201d. E a turma se retirou, talvez para tentar dar um fim mais construtivo \u00e0s pedras que traziam.<\/p>\n<p>Quanto \u00e0 mulher, Jesus tamb\u00e9m n\u00e3o a deixou ir embora sem uma provoca\u00e7\u00e3o. Pediu a ela que buscasse dirigir a pr\u00f3pria vida num caminho de realiza\u00e7\u00e3o plena, construindo uma hist\u00f3ria livre das amarras do pecado.<br \/>&#8211; See more at: http:\/\/www.franciscanos.org.br\/?p=105792#sthash.BMtJUyiY.dpuf<\/p>\n<p style=\"text-align: justify;\">Fonte: Franciscano<\/p>\n","protected":false},"excerpt":{"rendered":"<p>TODAS AS REFLEX\u00d5ES Apresenta\u00e7\u00e3o, Frei Gustavo Medella Evangelho de Jo 8,1-11 \u201c5\u00ba Domingo da Quaresma\u201d, de Frei Ludovico Garmus \u201cN\u00e3o atirar pedras\u201d, de Jos\u00e9 Antonio Pagola \u201cDeus joga longe o pecado!\u201d, de Pe Johan Konings Reflex\u00e3o em v\u00eddeo de Frei Alvaci Mendes da Luz Frei Gustavo Medella Na vida todos carregamos pedras. \u00c9 o peso [&hellip;]<\/p>\n","protected":false},"author":1,"featured_media":0,"comment_status":"open","ping_status":"open","sticky":false,"template":"","format":"standard","meta":{"footnotes":""},"categories":[4],"tags":[],"class_list":["post-13764","post","type-post","status-publish","format-standard","hentry","category-cotidiano"],"_links":{"self":[{"href":"https:\/\/catolicanet.net\/wp-cnet\/wp-json\/wp\/v2\/posts\/13764","targetHints":{"allow":["GET"]}}],"collection":[{"href":"https:\/\/catolicanet.net\/wp-cnet\/wp-json\/wp\/v2\/posts"}],"about":[{"href":"https:\/\/catolicanet.net\/wp-cnet\/wp-json\/wp\/v2\/types\/post"}],"author":[{"embeddable":true,"href":"https:\/\/catolicanet.net\/wp-cnet\/wp-json\/wp\/v2\/users\/1"}],"replies":[{"embeddable":true,"href":"https:\/\/catolicanet.net\/wp-cnet\/wp-json\/wp\/v2\/comments?post=13764"}],"version-history":[{"count":1,"href":"https:\/\/catolicanet.net\/wp-cnet\/wp-json\/wp\/v2\/posts\/13764\/revisions"}],"predecessor-version":[{"id":26320,"href":"https:\/\/catolicanet.net\/wp-cnet\/wp-json\/wp\/v2\/posts\/13764\/revisions\/26320"}],"wp:attachment":[{"href":"https:\/\/catolicanet.net\/wp-cnet\/wp-json\/wp\/v2\/media?parent=13764"}],"wp:term":[{"taxonomy":"category","embeddable":true,"href":"https:\/\/catolicanet.net\/wp-cnet\/wp-json\/wp\/v2\/categories?post=13764"},{"taxonomy":"post_tag","embeddable":true,"href":"https:\/\/catolicanet.net\/wp-cnet\/wp-json\/wp\/v2\/tags?post=13764"}],"curies":[{"name":"wp","href":"https:\/\/api.w.org\/{rel}","templated":true}]}}