{"id":13762,"date":"2016-03-14T13:04:02","date_gmt":"2016-03-14T16:04:02","guid":{"rendered":"http:\/\/catolicanet.net\/wp-cnet\/2016\/03\/14\/quase-3-milhoes-de-fieis-nos-primeiros-100-dias-do-jubileu\/"},"modified":"2017-06-02T13:59:36","modified_gmt":"2017-06-02T16:59:36","slug":"quase-3-milhoes-de-fieis-nos-primeiros-100-dias-do-jubileu","status":"publish","type":"post","link":"https:\/\/catolicanet.net\/wp-cnet\/quase-3-milhoes-de-fieis-nos-primeiros-100-dias-do-jubileu\/","title":{"rendered":"Quase 3 milh\u00f5es de fi\u00e9is nos primeiros 100 dias do Jubileu"},"content":{"rendered":"<p style=\"text-align: justify;\"><img decoding=\"async\" src=\"http:\/\/catolicanet.com.br\/images\/stories\/geral\/ap3210070_articolo.jpg\" border=\"0\" align=\"left\" \/>Na manh\u00e3 desta segunda-feira (14\/03), se realizou a coletiva de imprensa de apresenta\u00e7\u00e3o do balan\u00e7o dos primeiros 100 dias do Ano Santo. Os dados foram ilustrados pelo Presidente do Pontif\u00edcio Conselho para a Promo\u00e7\u00e3o da Nova Evangeliza\u00e7\u00e3o, Dom Rino Fisichella, e pelo Prefeito interino de Roma, Franco Gabrielli.<\/p>\n<p>De acordo com a \u00faltima atualiza\u00e7\u00e3o (11\/03), desde o in\u00edcio do Jubileu Roma acolheu dois milh\u00f5es e 802 mil peregrinos. Quase tr\u00eas milh\u00f5es de fi\u00e9is, portanto, levando em considera\u00e7\u00e3o o afluxo somente na Pra\u00e7a S. Pedro. N\u00e3o foram calculadas as pessoas que passaram pelas Bas\u00edlicas de S\u00e3o Paulo fora dos Muros, Santa Maria Maior, S\u00e3o Jo\u00e3o de Latr\u00e3o ou pelo Santu\u00e1rio do Divino Amor.<\/p>\n<p>Somente para a exposi\u00e7\u00e3o dos restos de S. Pio de Pietralcina, a cidade acolheu meio milh\u00e3o de peregrinos. Cerca de 40% eram estrangeiros.<\/p>\n<p>Na coletiva, Dom Fisichella fez quest\u00e3o de reiterar a necessidade de se inscrever para atravessar a Porta Santa da Bas\u00edlica Vaticana, n\u00e3o obstante alguns meios de comunica\u00e7\u00e3o tenham escrito o contr\u00e1rio. Para se inscrever, \u00e9 necess\u00e1rio acessar o site ou se dirigir diretamente \u00e0 sede do Pontif\u00edcio Conselho, na \u201cVia dela Conciliazione\u201d.<\/p>\n<p>Portas Santas<\/p>\n<p>No total, foram abertas pelo menos 10 mil \u201cportas santas\u201d nas 2.089 dioceses de todo o planeta \u2013 dos pr\u00f3fugos no Curdist\u00e3o iraquiano, aos fi\u00e9is na China ou na Amaz\u00f4nia. Esta \u00e9 a diferen\u00e7a principal em rela\u00e7\u00e3o ao Jubileu do Ano 2000. Francisco quis que o Jubileu n\u00e3o fosse centralizado em Roma.<\/p>\n<p>A peregrina\u00e7\u00e3o indicada pelo Papa na Bula de convoca\u00e7\u00e3o \u00e9, antes de tudo, interior, atrav\u00e9s tamb\u00e9m das obras de miseric\u00f3rdia corporais e espirituais. Pela\u00a0 primeira vez na hist\u00f3ria dos Jubileus, o Pont\u00edfice decidiu abrir a primeira Porta Santa fora de Roma. Antes do dia oficial de 8 de dezembro, o Jubileu teve in\u00edcio em 29 de novembro em Bangui, na Rep. Centro-Africana. A conclus\u00e3o deste Ano Extraordin\u00e1rio est\u00e1 marcada para o dia 20 de novembro.<\/p>\n<p style=\"text-align: justify;\">Fonte: R\u00e1dio Vaticano<\/p>\n","protected":false},"excerpt":{"rendered":"<p>Na manh\u00e3 desta segunda-feira (14\/03), se realizou a coletiva de imprensa de apresenta\u00e7\u00e3o do balan\u00e7o dos primeiros 100 dias do Ano Santo. Os dados foram ilustrados pelo Presidente do Pontif\u00edcio Conselho para a Promo\u00e7\u00e3o da Nova Evangeliza\u00e7\u00e3o, Dom Rino Fisichella, e pelo Prefeito interino de Roma, Franco Gabrielli. De acordo com a \u00faltima atualiza\u00e7\u00e3o (11\/03), [&hellip;]<\/p>\n","protected":false},"author":1,"featured_media":0,"comment_status":"open","ping_status":"open","sticky":false,"template":"","format":"standard","meta":{"footnotes":""},"categories":[3],"tags":[],"class_list":["post-13762","post","type-post","status-publish","format-standard","hentry","category-vaticano"],"_links":{"self":[{"href":"https:\/\/catolicanet.net\/wp-cnet\/wp-json\/wp\/v2\/posts\/13762","targetHints":{"allow":["GET"]}}],"collection":[{"href":"https:\/\/catolicanet.net\/wp-cnet\/wp-json\/wp\/v2\/posts"}],"about":[{"href":"https:\/\/catolicanet.net\/wp-cnet\/wp-json\/wp\/v2\/types\/post"}],"author":[{"embeddable":true,"href":"https:\/\/catolicanet.net\/wp-cnet\/wp-json\/wp\/v2\/users\/1"}],"replies":[{"embeddable":true,"href":"https:\/\/catolicanet.net\/wp-cnet\/wp-json\/wp\/v2\/comments?post=13762"}],"version-history":[{"count":1,"href":"https:\/\/catolicanet.net\/wp-cnet\/wp-json\/wp\/v2\/posts\/13762\/revisions"}],"predecessor-version":[{"id":28585,"href":"https:\/\/catolicanet.net\/wp-cnet\/wp-json\/wp\/v2\/posts\/13762\/revisions\/28585"}],"wp:attachment":[{"href":"https:\/\/catolicanet.net\/wp-cnet\/wp-json\/wp\/v2\/media?parent=13762"}],"wp:term":[{"taxonomy":"category","embeddable":true,"href":"https:\/\/catolicanet.net\/wp-cnet\/wp-json\/wp\/v2\/categories?post=13762"},{"taxonomy":"post_tag","embeddable":true,"href":"https:\/\/catolicanet.net\/wp-cnet\/wp-json\/wp\/v2\/tags?post=13762"}],"curies":[{"name":"wp","href":"https:\/\/api.w.org\/{rel}","templated":true}]}}