{"id":13749,"date":"2016-03-11T14:26:35","date_gmt":"2016-03-11T17:26:35","guid":{"rendered":"http:\/\/catolicanet.net\/wp-cnet\/2016\/03\/11\/incendio-criminoso-destroi-igreja-e-casa-paroquial-no-chile\/"},"modified":"2017-05-30T09:50:18","modified_gmt":"2017-05-30T12:50:18","slug":"incendio-criminoso-destroi-igreja-e-casa-paroquial-no-chile","status":"publish","type":"post","link":"https:\/\/catolicanet.net\/wp-cnet\/incendio-criminoso-destroi-igreja-e-casa-paroquial-no-chile\/","title":{"rendered":"Inc\u00eandio criminoso destr\u00f3i igreja e casa paroquial no Chile"},"content":{"rendered":"<p style=\"text-align: justify;\"><img decoding=\"async\" src=\"http:\/\/catolicanet.com.br\/images\/stories\/geral\/rv14041_articolo.jpg\" border=\"0\" align=\"left\" \/>A Igreja de S\u00e3o Sebasti\u00e3o e a casa paroquial em Vilc\u00fan, regi\u00e3o de La Araucan\u00eda, no sul do Chile, foram incendiadas na madrugada de ter\u00e7a-feira (8). Informa\u00e7\u00f5es preliminares apontam que o ato criminoso foi realizado por um grupo de encapuzados que amedrontou com disparos o guarda que fazia a seguran\u00e7a e que, depois de tocar fogo no local, fugiu.<\/p>\n<p>A pol\u00edcia foi mobilizada em um plano de busca para localizar os respons\u00e1veis. O grupo deixou um len\u00e7o no local com ordens ligadas ao movimento do povo mapuche \u2013 o que serve como pista para encontr\u00e1-los. Ningu\u00e9m ficou ferido no ataque, mas a igreja e a casa paroquial que pertencem aos Frades Menores Capuchinhos teriam ficado destru\u00eddas.<\/p>\n<p>O Ministro Provincial dos Capuchinhos no Chile, Frei H\u00e9ctor Campos, disse que \u201cver o templo destru\u00eddo e derrubado \u00e9 muito doloroso. Atentam contra o mais precioso que os crist\u00e3os t\u00eam, um lugar onde muita gente vem para se encontrar com Deus. \u00c9 um dano enorme para a nossa vida como crentes, cat\u00f3licos, como capuchinhos\u201d, comentou ele.<\/p>\n<p>Em cerca de 10 dias, no pr\u00f3ximo dia 20 de mar\u00e7o, est\u00e1 marcada a festa de S\u00e3o Sebasti\u00e3o. Frei H\u00e9ctor disse que a celebra\u00e7\u00e3o ser\u00e1 sobretudo para \u201cpedir a Deus o dom da paz, da serenidade e da harmonia, valores que hoje est\u00e3o sendo transtornados e que geram esse tipo de viol\u00eancia\u201d.<\/p>\n<p>Movimento Mapuche<\/p>\n<p>As comunidades mapuches que moram no sul do Chile est\u00e3o mobilizadas na luta pela recupera\u00e7\u00e3o do que consideram suas terras ancestrais e por mudan\u00e7as constitucionais em prol dos direitos ind\u00edgenas. Eles defendem que o Estado n\u00e3o deu import\u00e2ncia \u00e0s den\u00fancias que eles fizeram ao permitir a realiza\u00e7\u00e3o de projetos hidrel\u00e9tricos e florestais.<\/p>\n<p>A insatisfa\u00e7\u00e3o do movimento mapuche j\u00e1 provocou diversos atos de viol\u00eancia nas regi\u00f5es Biob\u00edo, La Araucan\u00eda e Los Rios, como ataques a agricultores, em \u00e1reas de preserva\u00e7\u00e3o florestal e contra motoristas de caminh\u00f5es. Al\u00e9m disso, em 2014, a comunidade mapuche Trapilhue ocupou o Semin\u00e1rio Maior S\u00e3o Fidel, na diocese de Villarrica, mas finalmente foi retirada do local \u00e0 for\u00e7a no in\u00edcio deste m\u00eas.<\/p>\n<p style=\"text-align: justify;\">Fonte: R\u00e1dio Vaticano<\/p>\n","protected":false},"excerpt":{"rendered":"<p>A Igreja de S\u00e3o Sebasti\u00e3o e a casa paroquial em Vilc\u00fan, regi\u00e3o de La Araucan\u00eda, no sul do Chile, foram incendiadas na madrugada de ter\u00e7a-feira (8). Informa\u00e7\u00f5es preliminares apontam que o ato criminoso foi realizado por um grupo de encapuzados que amedrontou com disparos o guarda que fazia a seguran\u00e7a e que, depois de tocar [&hellip;]<\/p>\n","protected":false},"author":1,"featured_media":0,"comment_status":"open","ping_status":"open","sticky":false,"template":"","format":"standard","meta":{"footnotes":""},"categories":[4],"tags":[],"class_list":["post-13749","post","type-post","status-publish","format-standard","hentry","category-cotidiano"],"_links":{"self":[{"href":"https:\/\/catolicanet.net\/wp-cnet\/wp-json\/wp\/v2\/posts\/13749","targetHints":{"allow":["GET"]}}],"collection":[{"href":"https:\/\/catolicanet.net\/wp-cnet\/wp-json\/wp\/v2\/posts"}],"about":[{"href":"https:\/\/catolicanet.net\/wp-cnet\/wp-json\/wp\/v2\/types\/post"}],"author":[{"embeddable":true,"href":"https:\/\/catolicanet.net\/wp-cnet\/wp-json\/wp\/v2\/users\/1"}],"replies":[{"embeddable":true,"href":"https:\/\/catolicanet.net\/wp-cnet\/wp-json\/wp\/v2\/comments?post=13749"}],"version-history":[{"count":1,"href":"https:\/\/catolicanet.net\/wp-cnet\/wp-json\/wp\/v2\/posts\/13749\/revisions"}],"predecessor-version":[{"id":24424,"href":"https:\/\/catolicanet.net\/wp-cnet\/wp-json\/wp\/v2\/posts\/13749\/revisions\/24424"}],"wp:attachment":[{"href":"https:\/\/catolicanet.net\/wp-cnet\/wp-json\/wp\/v2\/media?parent=13749"}],"wp:term":[{"taxonomy":"category","embeddable":true,"href":"https:\/\/catolicanet.net\/wp-cnet\/wp-json\/wp\/v2\/categories?post=13749"},{"taxonomy":"post_tag","embeddable":true,"href":"https:\/\/catolicanet.net\/wp-cnet\/wp-json\/wp\/v2\/tags?post=13749"}],"curies":[{"name":"wp","href":"https:\/\/api.w.org\/{rel}","templated":true}]}}