{"id":13747,"date":"2016-03-11T14:17:41","date_gmt":"2016-03-11T17:17:41","guid":{"rendered":"http:\/\/catolicanet.net\/wp-cnet\/2016\/03\/11\/japao-relembra-5-anos-de-fukushima\/"},"modified":"2017-05-30T09:50:44","modified_gmt":"2017-05-30T12:50:44","slug":"japao-relembra-5-anos-de-fukushima","status":"publish","type":"post","link":"https:\/\/catolicanet.net\/wp-cnet\/japao-relembra-5-anos-de-fukushima\/","title":{"rendered":"Jap\u00e3o relembra 5 anos de Fukushima"},"content":{"rendered":"<p style=\"text-align: justify;\"><img decoding=\"async\" src=\"http:\/\/catolicanet.com.br\/images\/stories\/geral\/epa2001123_articolo.jpg\" border=\"0\" align=\"left\" \/>O Jap\u00e3o recorda nesta sexta-feira, (11\/03), os cinco anos do terremoto e tsunami que mataram milhares de pessoas e desencadearam a pior trag\u00e9dia nuclear em 25 anos.<\/p>\n<p>O terremoto de magnitude 9 foi registrado em alto mar, criando ondas gigantescas que devastaram a linha costeira matando aproximadamente 20 mil pessoas.<\/p>\n<p>O tsunami invadiu a usina nuclear de Dai-ichi em Fukushima provocando o derretimento de tr\u00eas reatores. A radia\u00e7\u00e3o se espalhou por uma vasta \u00e1rea no interior do pa\u00eds, contaminando \u00e1gua, alimentos e ar.<\/p>\n<p>Mais de 160 mil pessoas foram evacuadas para cidades vizinhas e cerca de 10% ainda vive em casas tempor\u00e1rias constru\u00eddas nos arredores de Fukushima. Muitos outros se mudaram para longe das suas cidades e come\u00e7aram uma nova vida. Alguns locais ainda s\u00e3o considerados zona vermelha devido ao alto n\u00edvel de radia\u00e7\u00e3o.<\/p>\n<p>Na sexta-feira, o Primeiro-Ministro Shinzo Abe participou de uma cerim\u00f4nia em T\u00f3quio marcada por um minuto de sil\u00eancio na hora em que o terremoto come\u00e7ou. Sinos tocaram por toda a cidade e, em todo o pa\u00eds, os cidad\u00e3os inquinaram-se em respeito \u00e0 mem\u00f3ria dos que sucumbiram na trag\u00e9dia.<\/p>\n<p style=\"text-align: justify;\">Fonte: R\u00e1dio Vaticano<\/p>\n","protected":false},"excerpt":{"rendered":"<p>O Jap\u00e3o recorda nesta sexta-feira, (11\/03), os cinco anos do terremoto e tsunami que mataram milhares de pessoas e desencadearam a pior trag\u00e9dia nuclear em 25 anos. O terremoto de magnitude 9 foi registrado em alto mar, criando ondas gigantescas que devastaram a linha costeira matando aproximadamente 20 mil pessoas. O tsunami invadiu a usina [&hellip;]<\/p>\n","protected":false},"author":1,"featured_media":0,"comment_status":"open","ping_status":"open","sticky":false,"template":"","format":"standard","meta":{"footnotes":""},"categories":[4],"tags":[],"class_list":["post-13747","post","type-post","status-publish","format-standard","hentry","category-cotidiano"],"_links":{"self":[{"href":"https:\/\/catolicanet.net\/wp-cnet\/wp-json\/wp\/v2\/posts\/13747","targetHints":{"allow":["GET"]}}],"collection":[{"href":"https:\/\/catolicanet.net\/wp-cnet\/wp-json\/wp\/v2\/posts"}],"about":[{"href":"https:\/\/catolicanet.net\/wp-cnet\/wp-json\/wp\/v2\/types\/post"}],"author":[{"embeddable":true,"href":"https:\/\/catolicanet.net\/wp-cnet\/wp-json\/wp\/v2\/users\/1"}],"replies":[{"embeddable":true,"href":"https:\/\/catolicanet.net\/wp-cnet\/wp-json\/wp\/v2\/comments?post=13747"}],"version-history":[{"count":1,"href":"https:\/\/catolicanet.net\/wp-cnet\/wp-json\/wp\/v2\/posts\/13747\/revisions"}],"predecessor-version":[{"id":24425,"href":"https:\/\/catolicanet.net\/wp-cnet\/wp-json\/wp\/v2\/posts\/13747\/revisions\/24425"}],"wp:attachment":[{"href":"https:\/\/catolicanet.net\/wp-cnet\/wp-json\/wp\/v2\/media?parent=13747"}],"wp:term":[{"taxonomy":"category","embeddable":true,"href":"https:\/\/catolicanet.net\/wp-cnet\/wp-json\/wp\/v2\/categories?post=13747"},{"taxonomy":"post_tag","embeddable":true,"href":"https:\/\/catolicanet.net\/wp-cnet\/wp-json\/wp\/v2\/tags?post=13747"}],"curies":[{"name":"wp","href":"https:\/\/api.w.org\/{rel}","templated":true}]}}