{"id":13735,"date":"2016-03-10T18:10:00","date_gmt":"2016-03-10T21:10:00","guid":{"rendered":"http:\/\/catolicanet.net\/wp-cnet\/2016\/03\/10\/conheca-a-irma-espiritual-de-santa-teresa-de-lisieux-que-sera-elevada-aos-altares\/"},"modified":"2017-05-31T11:30:36","modified_gmt":"2017-05-31T14:30:36","slug":"conheca-a-irma-espiritual-de-santa-teresa-de-lisieux-que-sera-elevada-aos-altares","status":"publish","type":"post","link":"https:\/\/catolicanet.net\/wp-cnet\/conheca-a-irma-espiritual-de-santa-teresa-de-lisieux-que-sera-elevada-aos-altares\/","title":{"rendered":"Conhe\u00e7a a \u201cirm\u00e3 espiritual\u201d de Santa Teresa de Lisieux que ser\u00e1 elevada aos altares"},"content":{"rendered":"<p style=\"text-align: justify;\"><img decoding=\"async\" src=\"http:\/\/catolicanet.com.br\/images\/stories\/geral\/santateresadelisieux_beataelisa.jpg\" border=\"0\" align=\"left\" \/>Santa Teresinha tinha uma grande amiga cuja vida espiritual tamb\u00e9m pode ser considerada como um modelo a seguir. Seu nome \u00e9 Beata Elisabeth da Trindade, uma religiosa carmelita que logo ser\u00e1 canonizada.<\/p>\n<p>Elisabeth da Trindade nasceu na Fran\u00e7a em 1880 e morreu em 1906 devido a doen\u00e7a de Addison, cinco anos depois de ter entrado no Carmelo de Dijon, localizado ao leste do pa\u00eds. Foi declarada Beata por S\u00e3o Jo\u00e3o Paulo II em 1984.<\/p>\n<p>Ela tinha uma profunda rela\u00e7\u00e3o pessoal com Jesus. Rezava o tempo todo e n\u00e3o se preocupava pela tarefa que devia fazer, porque acreditava que a ora\u00e7\u00e3o era a melhor forma de alcan\u00e7ar Cristo. Costumava dizer: \u201cEu encontro Jesus em todas as partes, tanto quando lavo como quando rezo\u201d.<\/p>\n<p>Suas pr\u00e1ticas espirituais a aproximaram de Santa Teresinha e ambas cultivaram uma grande amizade.<\/p>\n<p>Elizabeth, \u201cirm\u00e3 espiritual\u201d de Santa Teresinha, tamb\u00e9m escreveu diversos livros sobre a Sant\u00edssima Trindade. Em um de seus textos dizia: \u201cN\u00f3s n\u00e3o seremos purificados por procurar nossas mis\u00e9rias, mas por contemplar ao que \u00e9 toda pureza e santidade\u201d.<\/p>\n<p>O milagre que permitir\u00e1 a canoniza\u00e7\u00e3o<\/p>\n<p>A Congrega\u00e7\u00e3o para as Causas dos Santos aprovou o segundo milagre que permitir\u00e1 a canoniza\u00e7\u00e3o da Beata Elisabeth. Trata-se da cura milagrosa de Mary-Paul Stevens, uma belga que sofria da s\u00edndrome Sj\u00f6gren.<\/p>\n<p>Esta doen\u00e7a ataca as gl\u00e2ndulas ex\u00f3crinas que hidratam o corpo, como a saliva\u00e7\u00e3o, o suor, as l\u00e1grimas, as secre\u00e7\u00f5es mucosas da laringe e da traqueia e as secre\u00e7\u00f5es vaginais. Tamb\u00e9m afeta \u00e0s articula\u00e7\u00f5es e pode prejudicar qualquer \u00f3rg\u00e3o.<\/p>\n<p>Segundo informa\u00e7\u00f5es da Prov\u00edncia Brit\u00e2nica das Irm\u00e3s Carmelitas em um comunicado, Stevens foi curada repentinamente em 2002 logo depois de fazer uma peregrina\u00e7\u00e3o ao Carmelo em Flaverignot-Dijon para agradecer \u00e0 Beata Elisabeth pela sua ajuda durante sua doen\u00e7a.<\/p>\n<p>Ela participou da peregrina\u00e7\u00e3o sabendo que n\u00e3o havia tratamento para seu mau e que em breve morreria. Foi curada imediatamente depois de chegar ao local.<\/p>\n<p>A Arquidiocese investigou o caso, com a ajuda de 40 testemunhos, entre os quais havia v\u00e1rios m\u00e9dicos. Todos ficaram surpreendidos e muitos disseram que foram tocados pela vida e obra da Beata. Em seguida, o caso foi enviado \u00e0 Congrega\u00e7\u00e3o para as Causas dos Santos.<\/p>\n<p>A data da sua canoniza\u00e7\u00e3o ser\u00e1 divulgada no pr\u00f3ximo dia 15 de mar\u00e7o.<\/p>\n<p style=\"text-align: justify;\">Fonte: Acidigital<\/p>\n","protected":false},"excerpt":{"rendered":"<p>Santa Teresinha tinha uma grande amiga cuja vida espiritual tamb\u00e9m pode ser considerada como um modelo a seguir. Seu nome \u00e9 Beata Elisabeth da Trindade, uma religiosa carmelita que logo ser\u00e1 canonizada. Elisabeth da Trindade nasceu na Fran\u00e7a em 1880 e morreu em 1906 devido a doen\u00e7a de Addison, cinco anos depois de ter entrado [&hellip;]<\/p>\n","protected":false},"author":1,"featured_media":0,"comment_status":"open","ping_status":"open","sticky":false,"template":"","format":"standard","meta":{"footnotes":""},"categories":[4],"tags":[],"class_list":["post-13735","post","type-post","status-publish","format-standard","hentry","category-cotidiano"],"_links":{"self":[{"href":"https:\/\/catolicanet.net\/wp-cnet\/wp-json\/wp\/v2\/posts\/13735","targetHints":{"allow":["GET"]}}],"collection":[{"href":"https:\/\/catolicanet.net\/wp-cnet\/wp-json\/wp\/v2\/posts"}],"about":[{"href":"https:\/\/catolicanet.net\/wp-cnet\/wp-json\/wp\/v2\/types\/post"}],"author":[{"embeddable":true,"href":"https:\/\/catolicanet.net\/wp-cnet\/wp-json\/wp\/v2\/users\/1"}],"replies":[{"embeddable":true,"href":"https:\/\/catolicanet.net\/wp-cnet\/wp-json\/wp\/v2\/comments?post=13735"}],"version-history":[{"count":1,"href":"https:\/\/catolicanet.net\/wp-cnet\/wp-json\/wp\/v2\/posts\/13735\/revisions"}],"predecessor-version":[{"id":26330,"href":"https:\/\/catolicanet.net\/wp-cnet\/wp-json\/wp\/v2\/posts\/13735\/revisions\/26330"}],"wp:attachment":[{"href":"https:\/\/catolicanet.net\/wp-cnet\/wp-json\/wp\/v2\/media?parent=13735"}],"wp:term":[{"taxonomy":"category","embeddable":true,"href":"https:\/\/catolicanet.net\/wp-cnet\/wp-json\/wp\/v2\/categories?post=13735"},{"taxonomy":"post_tag","embeddable":true,"href":"https:\/\/catolicanet.net\/wp-cnet\/wp-json\/wp\/v2\/tags?post=13735"}],"curies":[{"name":"wp","href":"https:\/\/api.w.org\/{rel}","templated":true}]}}