{"id":13717,"date":"2016-03-09T17:52:51","date_gmt":"2016-03-09T20:52:51","guid":{"rendered":"http:\/\/catolicanet.net\/wp-cnet\/2016\/03\/09\/americachile-dom-goic-uma-sociedade-mais-justa-para-viver-com-mais-dignidade\/"},"modified":"2017-05-31T11:30:39","modified_gmt":"2017-05-31T14:30:39","slug":"americachile-dom-goic-uma-sociedade-mais-justa-para-viver-com-mais-dignidade","status":"publish","type":"post","link":"https:\/\/catolicanet.net\/wp-cnet\/americachile-dom-goic-uma-sociedade-mais-justa-para-viver-com-mais-dignidade\/","title":{"rendered":"AM\u00c9RICA\/CHILE &#8211; Dom Goic: \u201cUma sociedade mais justa para viver com mais dignidade\u201d"},"content":{"rendered":"<p style=\"text-align: justify;\">Rancagua (Ag\u00eancia Fides) &#8211; O Bispo de Rancagua, Dom Alejandro Goic Karmelic, que nesses dias celebra seus 50 anos de sacerd\u00f3cio (12 de mar\u00e7o de 1966), reiterou que o sal\u00e1rio m\u00ednimo, em vigor desde 1\u00b0 de janeiro deste ano, n\u00e3o \u00e9 conforme a situa\u00e7\u00e3o atual.<br \/>\u201cO que eu disse em 2007 ainda \u00e9 v\u00e1lido\u201d, afirma o prelado numa nota enviada \u00e0 Fides. Devemos nos colocar no lugar dos mais pobres. Naquela \u00e9poca indiquei uma cifra simb\u00f3lica, mas passaram-se 10 anos, e \u00e9 claro que os 250 mil pesos de ent\u00e3o n\u00e3o correspondem a 2016. \u00c9 preciso pensar que a riqueza poderia ser distribu\u00edda de maneira justa para que todos vivam com mais dignidade\u201d.<br \/>Em 2007, poucas semanas depois de que a sociedade miner\u00e1ria estatal Codelco alcan\u00e7ou um acordo com os trabalhadores terceirizados que se mobilizaram (veja Fides 23\/04\/2008), Dom Goic afirmou, numa entrevista para a televis\u00e3o chilena, que o sal\u00e1rio m\u00ednimo de 144.000 pesos (US $ 277,5) deveria ter sido substitu\u00eddo por um \u201csal\u00e1rio \u00e9tico\u201d, que a seu ver n\u00e3o deveria ser inferior a 250.000 pesos (US $ 480). O seu pronunciamento, de ent\u00e3o, causou rea\u00e7\u00f5es contrastantes na pol\u00edtica, nos grupos sociais e nos empres\u00e1rios do pa\u00eds.<br \/>\u201cA solu\u00e7\u00e3o consiste em encontrar a maneira de ser uma sociedade mais justa. O Chile parece ser um dos pa\u00edses mais desiguais do mundo e neste sentido devemos melhorar\u201d, concluiu o Bispo.<\/p>\n<p style=\"text-align: justify;\">Fonte: Ag\u00eancia Fides<\/p>\n","protected":false},"excerpt":{"rendered":"<p>Rancagua (Ag\u00eancia Fides) &#8211; O Bispo de Rancagua, Dom Alejandro Goic Karmelic, que nesses dias celebra seus 50 anos de sacerd\u00f3cio (12 de mar\u00e7o de 1966), reiterou que o sal\u00e1rio m\u00ednimo, em vigor desde 1\u00b0 de janeiro deste ano, n\u00e3o \u00e9 conforme a situa\u00e7\u00e3o atual.\u201cO que eu disse em 2007 ainda \u00e9 v\u00e1lido\u201d, afirma o [&hellip;]<\/p>\n","protected":false},"author":1,"featured_media":0,"comment_status":"open","ping_status":"open","sticky":false,"template":"","format":"standard","meta":{"footnotes":""},"categories":[4],"tags":[],"class_list":["post-13717","post","type-post","status-publish","format-standard","hentry","category-cotidiano"],"_links":{"self":[{"href":"https:\/\/catolicanet.net\/wp-cnet\/wp-json\/wp\/v2\/posts\/13717","targetHints":{"allow":["GET"]}}],"collection":[{"href":"https:\/\/catolicanet.net\/wp-cnet\/wp-json\/wp\/v2\/posts"}],"about":[{"href":"https:\/\/catolicanet.net\/wp-cnet\/wp-json\/wp\/v2\/types\/post"}],"author":[{"embeddable":true,"href":"https:\/\/catolicanet.net\/wp-cnet\/wp-json\/wp\/v2\/users\/1"}],"replies":[{"embeddable":true,"href":"https:\/\/catolicanet.net\/wp-cnet\/wp-json\/wp\/v2\/comments?post=13717"}],"version-history":[{"count":1,"href":"https:\/\/catolicanet.net\/wp-cnet\/wp-json\/wp\/v2\/posts\/13717\/revisions"}],"predecessor-version":[{"id":26337,"href":"https:\/\/catolicanet.net\/wp-cnet\/wp-json\/wp\/v2\/posts\/13717\/revisions\/26337"}],"wp:attachment":[{"href":"https:\/\/catolicanet.net\/wp-cnet\/wp-json\/wp\/v2\/media?parent=13717"}],"wp:term":[{"taxonomy":"category","embeddable":true,"href":"https:\/\/catolicanet.net\/wp-cnet\/wp-json\/wp\/v2\/categories?post=13717"},{"taxonomy":"post_tag","embeddable":true,"href":"https:\/\/catolicanet.net\/wp-cnet\/wp-json\/wp\/v2\/tags?post=13717"}],"curies":[{"name":"wp","href":"https:\/\/api.w.org\/{rel}","templated":true}]}}