{"id":13716,"date":"2016-03-09T17:49:39","date_gmt":"2016-03-09T20:49:39","guid":{"rendered":"http:\/\/catolicanet.net\/wp-cnet\/2016\/03\/09\/americahonduras-assassinos-e-mandantes-parem-de-matar-apelo-de-dom-romulo-emiliani\/"},"modified":"2017-05-31T11:30:39","modified_gmt":"2017-05-31T14:30:39","slug":"americahonduras-assassinos-e-mandantes-parem-de-matar-apelo-de-dom-romulo-emiliani","status":"publish","type":"post","link":"https:\/\/catolicanet.net\/wp-cnet\/americahonduras-assassinos-e-mandantes-parem-de-matar-apelo-de-dom-romulo-emiliani\/","title":{"rendered":"AM\u00c9RICA\/HONDURAS &#8211; \u201cAssassinos e mandantes, parem de matar!\u201d: apelo de Dom Romulo Emiliani"},"content":{"rendered":"<p style=\"text-align: justify;\">San Pedro Sula (Ag\u00eancia Fides) \u2013 &#8220;Honduras est\u00e1 vivendo dias dif\u00edceis durante esta Quaresma, com eventos que atingiram fam\u00edlias\u201d, diz o Bispo auxiliar de San Pedro Sula, Dom Romulo Emiliani, recordando que a Quaresma \u00e9 o tempo lit\u00fargico da convers\u00e3o.<br \/>\u201cEmbora as estat\u00edsticas indicadas pelas institui\u00e7\u00f5es concordem que os homic\u00eddios est\u00e3o diminuindo, ainda surpreende todos o impacto dos crimes cometidos, em especial o massacre em Comayag\u00fcela e o assassinato da l\u00edder ind\u00edgena Berta Caceres (veja Fides 04\/03\/2016). Isto provoca consterna\u00e7\u00e3o e embara\u00e7o em meio \u00e0 popula\u00e7\u00e3o, porque estamos nas manchetes internacionais, mas de um modo triste. Sinto muito por estes mortos, mas tamb\u00e9m porque Honduras \u00e9 muito mais do que isso. No exterior, emergem apenas estas trag\u00e9dias, e assim, continuamos a ter uma reputa\u00e7\u00e3o ruim fora no pa\u00eds\u201d, disse o Bispo.<br \/>A nota enviada \u00e0 Fides por uma fonte local fala do di\u00e1logo do Bispo com a imprensa local, e sublinha: \u201c\u00c9 preciso refletir e pensar em nossos pecados coletivos; por exemplo na falta de sensibilidade e na dor da fome e da pobreza extrema. Estamos acostumados a ver a mis\u00e9ria, mas Deus n\u00e3o a quer. Todos temos algo a recriminar por aquilo que est\u00e1 acontecendo em Honduras\u201d.<br \/>Dom Emiliani tamb\u00e9m dirigiu um apelo aos assassinos: \u201cToda vez que se mata, ficam \u00f3rf\u00e3os, vi\u00favas, m\u00e3es que choram, fam\u00edlias na dor e no luto. Aos assassinos e aos mandantes destas mortes, pe\u00e7o que parem de matar!\u201d Se aqui na terra existe impunidade, n\u00e3o haver\u00e1 no ju\u00edzo final. H\u00e1 um inferno para aqueles que continuam a matar, porque ver\u00e3o Deus e com Deus n\u00e3o se brinca!\u201d.<\/p>\n<p style=\"text-align: justify;\">Fonte: Ag\u00eancia Fides<\/p>\n","protected":false},"excerpt":{"rendered":"<p>San Pedro Sula (Ag\u00eancia Fides) \u2013 &#8220;Honduras est\u00e1 vivendo dias dif\u00edceis durante esta Quaresma, com eventos que atingiram fam\u00edlias\u201d, diz o Bispo auxiliar de San Pedro Sula, Dom Romulo Emiliani, recordando que a Quaresma \u00e9 o tempo lit\u00fargico da convers\u00e3o.\u201cEmbora as estat\u00edsticas indicadas pelas institui\u00e7\u00f5es concordem que os homic\u00eddios est\u00e3o diminuindo, ainda surpreende todos o [&hellip;]<\/p>\n","protected":false},"author":1,"featured_media":0,"comment_status":"open","ping_status":"open","sticky":false,"template":"","format":"standard","meta":{"footnotes":""},"categories":[4],"tags":[],"class_list":["post-13716","post","type-post","status-publish","format-standard","hentry","category-cotidiano"],"_links":{"self":[{"href":"https:\/\/catolicanet.net\/wp-cnet\/wp-json\/wp\/v2\/posts\/13716","targetHints":{"allow":["GET"]}}],"collection":[{"href":"https:\/\/catolicanet.net\/wp-cnet\/wp-json\/wp\/v2\/posts"}],"about":[{"href":"https:\/\/catolicanet.net\/wp-cnet\/wp-json\/wp\/v2\/types\/post"}],"author":[{"embeddable":true,"href":"https:\/\/catolicanet.net\/wp-cnet\/wp-json\/wp\/v2\/users\/1"}],"replies":[{"embeddable":true,"href":"https:\/\/catolicanet.net\/wp-cnet\/wp-json\/wp\/v2\/comments?post=13716"}],"version-history":[{"count":1,"href":"https:\/\/catolicanet.net\/wp-cnet\/wp-json\/wp\/v2\/posts\/13716\/revisions"}],"predecessor-version":[{"id":26338,"href":"https:\/\/catolicanet.net\/wp-cnet\/wp-json\/wp\/v2\/posts\/13716\/revisions\/26338"}],"wp:attachment":[{"href":"https:\/\/catolicanet.net\/wp-cnet\/wp-json\/wp\/v2\/media?parent=13716"}],"wp:term":[{"taxonomy":"category","embeddable":true,"href":"https:\/\/catolicanet.net\/wp-cnet\/wp-json\/wp\/v2\/categories?post=13716"},{"taxonomy":"post_tag","embeddable":true,"href":"https:\/\/catolicanet.net\/wp-cnet\/wp-json\/wp\/v2\/tags?post=13716"}],"curies":[{"name":"wp","href":"https:\/\/api.w.org\/{rel}","templated":true}]}}