{"id":13704,"date":"2016-03-09T16:42:08","date_gmt":"2016-03-09T19:42:08","guid":{"rendered":"http:\/\/catolicanet.net\/wp-cnet\/2016\/03\/09\/o-perdao-do-pai\/"},"modified":"2017-05-08T15:26:43","modified_gmt":"2017-05-08T18:26:43","slug":"o-perdao-do-pai","status":"publish","type":"post","link":"https:\/\/catolicanet.net\/wp-cnet\/o-perdao-do-pai\/","title":{"rendered":"O perd\u00e3o do pai"},"content":{"rendered":"<p style=\"text-align: justify;\">No caminho da Quaresma, a convers\u00e3o \u00e9 um dos elementos essenciais. Converter-se \u00e9 abandonar os caminhos que nos conduzem \u00e0 perdi\u00e7\u00e3o e encontrar o caminho correto que nos leva ao Pai, que nos fa\u00e7a encontrar com os demais como irm\u00e3os para, dessa forma, nos sentirmos em casa. Converter-se significa voltar \u00e0 casa do Pai.<br \/>A par\u00e1bola do Evangelho do quarto domingo da Quaresma nos fala exatamente da convers\u00e3o do filho pr\u00f3digo. Ele tinha ido por outros caminhos e, sem perceber, tinha se extraviado, havia dissipado o que possu\u00eda de melhor: o amor de sua fam\u00edlia, o carinho de seu pai, a seguran\u00e7a que lhe d\u00e1 sentir-se querido. Acreditou que poderia viver por sua pr\u00f3pria conta. Estava certo de que, gra\u00e7as \u00e0s suas pr\u00f3prias for\u00e7as, poderia alcan\u00e7ar tudo a que se propusera. E se encontrou com o fracasso. S\u00f3 n\u00e3o foi pior porque, quando estava mergulhado em suas dores, percebeu o que deveria fazer: voltar para a casa de seu pai. A volta significava reconhecer o pr\u00f3prio engano.<br \/>\u00c9 necess\u00e1rio notar que, quando o filho pr\u00f3digo pensou em retornar, cuidou de criar algumas frases. Ele as diria a seu pai para pedir-lhe perd\u00e3o: \u201cPai, pequei contra o c\u00e9u e contra ti, j\u00e1 n\u00e3o mere\u00e7o ser chamado de teu filho, trata-me como a um dos teus empregados.\u201d Quando o filho chega \u00e0 presen\u00e7a do pai, come\u00e7a a dizer as frases que havia pensado. Mas o pai o interrompe, n\u00e3o permite que termine. E, assim, n\u00e3o \u00e9 pronunciada a \u00faltima parte da frase \u2013 \u201ctrata-me como a um de seus empregados\u201d. N\u00e3o sabemos se n\u00e3o chegou a diz\u00ea-la ou se o pai n\u00e3o a quis ouvir porque, no encontro entre o pai e o filho, o que se destaca \u00e9 a alegria e a satisfa\u00e7\u00e3o do pai. <br \/>A partir desse momento, o protagonista da par\u00e1bola \u00e9 o pai. O filho \u00e9 tratado como se n\u00e3o houvesse levado a sua parte da heran\u00e7a, n\u00e3o a tivesse desperdi\u00e7ado, n\u00e3o houvesse se comportado mal em rela\u00e7\u00e3o a seu pai e a sua fam\u00edlia, como se nada houvesse acontecido. O pai pede que seja celebrada uma grande festa na casa. \u00c9 a alegria do perd\u00e3o, do encontro. Para o pai, o mais importante \u00e9 ter a fam\u00edlia unida.<br \/>Para n\u00f3s, a Quaresma continua sendo uma oportunidade para nos convertermos. N\u00e3o precisamos preparar muitas frases. Deus ficar\u00e1 muito contente quando voltarmos para casa. Ir\u00e1 preparar uma festa. Por que sentir medo na sua frente? N\u00e3o h\u00e1 raz\u00e3o alguma. Todos os dias Ele examina os caminhos para ver se nos aproximamos. N\u00e3o estamos cansados de comer frutos amargos quando poder\u00edamos participar do banquete de amor e de felicidade que Deus nos preparou?<br \/>\u00c9 bom que pensemos como o filho pr\u00f3digo, reconhe\u00e7amos nossos enganos e pe\u00e7amos perd\u00e3o a esse pai t\u00e3o generoso cujo nome, como diz o Papa Francisco, \u00e9 miseric\u00f3rdia.<\/p>\n","protected":false},"excerpt":{"rendered":"<p>No caminho da Quaresma, a convers\u00e3o \u00e9 um dos elementos essenciais. Converter-se \u00e9 abandonar os caminhos que nos conduzem \u00e0 perdi\u00e7\u00e3o e encontrar o caminho correto que nos leva ao Pai, que nos fa\u00e7a encontrar com os demais como irm\u00e3os para, dessa forma, nos sentirmos em casa. Converter-se significa voltar \u00e0 casa do Pai.A par\u00e1bola [&hellip;]<\/p>\n","protected":false},"author":10,"featured_media":0,"comment_status":"open","ping_status":"open","sticky":false,"template":"","format":"standard","meta":{"footnotes":""},"categories":[9],"tags":[],"class_list":["post-13704","post","type-post","status-publish","format-standard","hentry","category-artigos"],"_links":{"self":[{"href":"https:\/\/catolicanet.net\/wp-cnet\/wp-json\/wp\/v2\/posts\/13704","targetHints":{"allow":["GET"]}}],"collection":[{"href":"https:\/\/catolicanet.net\/wp-cnet\/wp-json\/wp\/v2\/posts"}],"about":[{"href":"https:\/\/catolicanet.net\/wp-cnet\/wp-json\/wp\/v2\/types\/post"}],"author":[{"embeddable":true,"href":"https:\/\/catolicanet.net\/wp-cnet\/wp-json\/wp\/v2\/users\/10"}],"replies":[{"embeddable":true,"href":"https:\/\/catolicanet.net\/wp-cnet\/wp-json\/wp\/v2\/comments?post=13704"}],"version-history":[{"count":1,"href":"https:\/\/catolicanet.net\/wp-cnet\/wp-json\/wp\/v2\/posts\/13704\/revisions"}],"predecessor-version":[{"id":21656,"href":"https:\/\/catolicanet.net\/wp-cnet\/wp-json\/wp\/v2\/posts\/13704\/revisions\/21656"}],"wp:attachment":[{"href":"https:\/\/catolicanet.net\/wp-cnet\/wp-json\/wp\/v2\/media?parent=13704"}],"wp:term":[{"taxonomy":"category","embeddable":true,"href":"https:\/\/catolicanet.net\/wp-cnet\/wp-json\/wp\/v2\/categories?post=13704"},{"taxonomy":"post_tag","embeddable":true,"href":"https:\/\/catolicanet.net\/wp-cnet\/wp-json\/wp\/v2\/tags?post=13704"}],"curies":[{"name":"wp","href":"https:\/\/api.w.org\/{rel}","templated":true}]}}