{"id":13690,"date":"2016-03-08T14:18:38","date_gmt":"2016-03-08T17:18:38","guid":{"rendered":"http:\/\/catolicanet.net\/wp-cnet\/2016\/03\/08\/respeito-e-promocao-da-dignidade-das-mulheres-em-todo-ambito\/"},"modified":"2017-06-02T14:03:16","modified_gmt":"2017-06-02T17:03:16","slug":"respeito-e-promocao-da-dignidade-das-mulheres-em-todo-ambito","status":"publish","type":"post","link":"https:\/\/catolicanet.net\/wp-cnet\/respeito-e-promocao-da-dignidade-das-mulheres-em-todo-ambito\/","title":{"rendered":"Respeito e promo\u00e7\u00e3o da dignidade das mulheres, em todo \u00e2mbito"},"content":{"rendered":"<p style=\"text-align: justify;\"><img decoding=\"async\" src=\"http:\/\/catolicanet.com.br\/images\/stories\/geral\/afp5066886_articolo.jpg\" border=\"0\" align=\"left\" \/>No Dia Internacional da mulher, a Uni\u00e3o mundial das organiza\u00e7\u00f5es femininas cat\u00f3licas (Umofc\/Wucwo) se felicita pela anunciada canoniza\u00e7\u00e3o de Madre Teresa de Calcut\u00e1 e dedica o pensamento \u00e0s 4 irm\u00e3s da sua Congrega\u00e7\u00e3o barbaramente mortas no I\u00eamen.<\/p>\n<p>Em comunicado enviado \u00e0 Ag\u00eancia Fides, a Umofc se dirige \u00e0s mulheres perseguidas; \u00e0s que s\u00e3o alvo de viol\u00eancia em suas casas e nas ruas, \u00e0s que devido a seu estado de indig\u00eancia e pobreza s\u00e3o v\u00edtimas do tr\u00e1fico e da explora\u00e7\u00e3o sexual, \u00e0s submetidas \u00e0 \u2018barriga de aluguel\u2019: \u201cQueremos expressar a nossa solidariedade \u2013 escreve em carta dirigida a todas as organiza\u00e7\u00f5es a Presidente mundial da Umofc, Maria Giovanna Ruggieri \u2013 \u00e0s mulheres que s\u00e3o obrigadas a deixar seus pa\u00edses por causa das guerras, das persegui\u00e7\u00f5es, das mudan\u00e7as clim\u00e1ticas, da pobreza\u201d.<\/p>\n<p>A Umofc \u00e9 um organismo fundado em 1910 para promover a presen\u00e7a, a participa\u00e7\u00e3o e a corresponsabilidade da mulher na Igreja e na sociedade. Hoje, aderem \u00e0 Uni\u00e3o 100 organiza\u00e7\u00f5es de todos os continente, envolvendo mais de 5 milh\u00f5es de mulheres. A organiza\u00e7\u00e3o colabora com diversos Pontif\u00edcios Conselhos da Santa S\u00e9, representa a voz de mulheres cat\u00f3licas na ONU em Nova York e Genebra, na Unesco em Paris e na Fao em Roma e \u00e9 comprometida na Coatnet, uma rede que combate o tr\u00e1fico de seres humanos.<\/p>\n<p style=\"text-align: justify;\">Fonte: R\u00e1dio Vaticano<\/p>\n","protected":false},"excerpt":{"rendered":"<p>No Dia Internacional da mulher, a Uni\u00e3o mundial das organiza\u00e7\u00f5es femininas cat\u00f3licas (Umofc\/Wucwo) se felicita pela anunciada canoniza\u00e7\u00e3o de Madre Teresa de Calcut\u00e1 e dedica o pensamento \u00e0s 4 irm\u00e3s da sua Congrega\u00e7\u00e3o barbaramente mortas no I\u00eamen. Em comunicado enviado \u00e0 Ag\u00eancia Fides, a Umofc se dirige \u00e0s mulheres perseguidas; \u00e0s que s\u00e3o alvo de [&hellip;]<\/p>\n","protected":false},"author":1,"featured_media":0,"comment_status":"open","ping_status":"open","sticky":false,"template":"","format":"standard","meta":{"footnotes":""},"categories":[3],"tags":[],"class_list":["post-13690","post","type-post","status-publish","format-standard","hentry","category-vaticano"],"_links":{"self":[{"href":"https:\/\/catolicanet.net\/wp-cnet\/wp-json\/wp\/v2\/posts\/13690","targetHints":{"allow":["GET"]}}],"collection":[{"href":"https:\/\/catolicanet.net\/wp-cnet\/wp-json\/wp\/v2\/posts"}],"about":[{"href":"https:\/\/catolicanet.net\/wp-cnet\/wp-json\/wp\/v2\/types\/post"}],"author":[{"embeddable":true,"href":"https:\/\/catolicanet.net\/wp-cnet\/wp-json\/wp\/v2\/users\/1"}],"replies":[{"embeddable":true,"href":"https:\/\/catolicanet.net\/wp-cnet\/wp-json\/wp\/v2\/comments?post=13690"}],"version-history":[{"count":1,"href":"https:\/\/catolicanet.net\/wp-cnet\/wp-json\/wp\/v2\/posts\/13690\/revisions"}],"predecessor-version":[{"id":28607,"href":"https:\/\/catolicanet.net\/wp-cnet\/wp-json\/wp\/v2\/posts\/13690\/revisions\/28607"}],"wp:attachment":[{"href":"https:\/\/catolicanet.net\/wp-cnet\/wp-json\/wp\/v2\/media?parent=13690"}],"wp:term":[{"taxonomy":"category","embeddable":true,"href":"https:\/\/catolicanet.net\/wp-cnet\/wp-json\/wp\/v2\/categories?post=13690"},{"taxonomy":"post_tag","embeddable":true,"href":"https:\/\/catolicanet.net\/wp-cnet\/wp-json\/wp\/v2\/tags?post=13690"}],"curies":[{"name":"wp","href":"https:\/\/api.w.org\/{rel}","templated":true}]}}