{"id":13677,"date":"2016-03-07T19:16:48","date_gmt":"2016-03-07T22:16:48","guid":{"rendered":"http:\/\/catolicanet.net\/wp-cnet\/2016\/03\/07\/projeto-prevenir-chega-a-mais-sete-cidades-do-regional-nordeste-1\/"},"modified":"2017-06-02T13:59:32","modified_gmt":"2017-06-02T16:59:32","slug":"projeto-prevenir-chega-a-mais-sete-cidades-do-regional-nordeste-1","status":"publish","type":"post","link":"https:\/\/catolicanet.net\/wp-cnet\/projeto-prevenir-chega-a-mais-sete-cidades-do-regional-nordeste-1\/","title":{"rendered":"Projeto Prevenir chega a mais sete cidades do regional Nordeste 1"},"content":{"rendered":"<p style=\"text-align: justify;\"><img decoding=\"async\" src=\"http:\/\/catolicanet.com.br\/images\/stories\/geral\/prevenir_ne1.jpg\" border=\"0\" align=\"left\" \/>Iniciativa j\u00e1 passou por 78 munic\u00edpios<\/p>\n<p>A Pastoral da Sobriedade do regional Nordeste 1 da Confer\u00eancia Nacional dos Bispos do Brasil (CNBB) realizar\u00e1, entre os dias 7 e 11 de mar\u00e7o, o projeto \u201cPrevenir\u201d, que busca a preven\u00e7\u00e3o \u00e0s drogas, em sete cidades cearenses. Com o tema \u201cJovem seja livre, curta a vida sem drogas\u201d, a iniciativa chega a Acopiara (CE), Cari\u00fas (CE), Catarina (CE), Iguatu (CE), Juc\u00e1s (CE), Or\u00f3s (CE) e Quixel\u00f4 (CE). <\/p>\n<p>Segundo informa\u00e7\u00f5es da Pastoral no regional, o projeto existe h\u00e1 cinco anos no Cear\u00e1 e j\u00e1 passou por 78 munic\u00edpios. Em 2016, o objetivo \u00e9 lan\u00e7ar o Prevenir em mais 25 cidades e tamb\u00e9m em 100 escolas.<\/p>\n<p>De acordo com a coordena\u00e7\u00e3o, a preven\u00e7\u00e3o ao uso de drogas \u00e9 a primeira frente de trabalho da Pastoral da Sobriedade e sua aplica\u00e7\u00e3o nas atividades visa indicar uma a\u00e7\u00e3o antecipada, baseada no conhecimento que se tem das causas de uma doen\u00e7a.<\/p>\n<p>Ainda, conforme informa\u00e7\u00f5es da Pastoral da Sobriedade do Nordeste 1, pesquisas indicam o aumento do uso de drogas, mas principalmente, apontam a necessidade de planejar a\u00e7\u00f5es preventivas adequadas ao grupo alvo. A preven\u00e7\u00e3o \u00e9 dirigida ao p\u00fablico que nunca experimentou drogas e \u00e0queles que j\u00e1 as experimentaram sem terem se habituado ao uso ou fazem uso espor\u00e1dico. <\/p>\n<p>Al\u00e9m da preven\u00e7\u00e3o, s\u00e3o frentes de trabalho da Pastoral a interven\u00e7\u00e3o, a recupera\u00e7\u00e3o, a reinser\u00e7\u00e3o social-familiar do dependente e a atua\u00e7\u00e3o pol\u00edtica.<br \/>Com informa\u00e7\u00f5es da Pastoral da Sobriedade do regional Nordeste 1<\/p>\n<p>Fonte: CNBB<\/p>\n","protected":false},"excerpt":{"rendered":"<p>Iniciativa j\u00e1 passou por 78 munic\u00edpios A Pastoral da Sobriedade do regional Nordeste 1 da Confer\u00eancia Nacional dos Bispos do Brasil (CNBB) realizar\u00e1, entre os dias 7 e 11 de mar\u00e7o, o projeto \u201cPrevenir\u201d, que busca a preven\u00e7\u00e3o \u00e0s drogas, em sete cidades cearenses. Com o tema \u201cJovem seja livre, curta a vida sem drogas\u201d, [&hellip;]<\/p>\n","protected":false},"author":1,"featured_media":0,"comment_status":"open","ping_status":"open","sticky":false,"template":"","format":"standard","meta":{"footnotes":""},"categories":[3],"tags":[],"class_list":["post-13677","post","type-post","status-publish","format-standard","hentry","category-vaticano"],"_links":{"self":[{"href":"https:\/\/catolicanet.net\/wp-cnet\/wp-json\/wp\/v2\/posts\/13677","targetHints":{"allow":["GET"]}}],"collection":[{"href":"https:\/\/catolicanet.net\/wp-cnet\/wp-json\/wp\/v2\/posts"}],"about":[{"href":"https:\/\/catolicanet.net\/wp-cnet\/wp-json\/wp\/v2\/types\/post"}],"author":[{"embeddable":true,"href":"https:\/\/catolicanet.net\/wp-cnet\/wp-json\/wp\/v2\/users\/1"}],"replies":[{"embeddable":true,"href":"https:\/\/catolicanet.net\/wp-cnet\/wp-json\/wp\/v2\/comments?post=13677"}],"version-history":[{"count":1,"href":"https:\/\/catolicanet.net\/wp-cnet\/wp-json\/wp\/v2\/posts\/13677\/revisions"}],"predecessor-version":[{"id":28578,"href":"https:\/\/catolicanet.net\/wp-cnet\/wp-json\/wp\/v2\/posts\/13677\/revisions\/28578"}],"wp:attachment":[{"href":"https:\/\/catolicanet.net\/wp-cnet\/wp-json\/wp\/v2\/media?parent=13677"}],"wp:term":[{"taxonomy":"category","embeddable":true,"href":"https:\/\/catolicanet.net\/wp-cnet\/wp-json\/wp\/v2\/categories?post=13677"},{"taxonomy":"post_tag","embeddable":true,"href":"https:\/\/catolicanet.net\/wp-cnet\/wp-json\/wp\/v2\/tags?post=13677"}],"curies":[{"name":"wp","href":"https:\/\/api.w.org\/{rel}","templated":true}]}}