{"id":13674,"date":"2016-03-07T14:30:39","date_gmt":"2016-03-07T17:30:39","guid":{"rendered":"http:\/\/catolicanet.net\/wp-cnet\/2016\/03\/07\/africauganda-servico-de-moto-ambulancias-garante-assistencia-ao-parto-para-mais-de-200-mulheres\/"},"modified":"2017-05-31T11:32:37","modified_gmt":"2017-05-31T14:32:37","slug":"africauganda-servico-de-moto-ambulancias-garante-assistencia-ao-parto-para-mais-de-200-mulheres","status":"publish","type":"post","link":"https:\/\/catolicanet.net\/wp-cnet\/africauganda-servico-de-moto-ambulancias-garante-assistencia-ao-parto-para-mais-de-200-mulheres\/","title":{"rendered":"\u00c1FRICA\/UGANDA &#8211; Servi\u00e7o de moto-ambul\u00e2ncias garante assist\u00eancia ao parto para mais de 200 mulheres"},"content":{"rendered":"<p style=\"text-align: justify;\">Oyam (Ag\u00eancia Fides) \u2013 Oferecer assist\u00eancia ao parto para as gestantes do distrito de Oyam, em Uganda, \u00e9 a miss\u00e3o que M\u00e9dicos com a \u00c1frica CUAMM est\u00e1 realizando por ocasi\u00e3o do Dia da Mulher, que se celebra no pr\u00f3ximo 8 de mar\u00e7o. Concretamente \u2013 informa uma nota enviada \u00e0 Ag\u00eancia Fides \u2013 a organiza\u00e7\u00e3o garante o transporte em moto-ambul\u00e2ncias de mais de duzentas mulheres, por m\u00eas, da \u00e1rea de Abela e Otwal, a mais remota do distrito, aos postos de sa\u00fade mais pr\u00f3ximos. Dali se registram mais de 700 transfer\u00eancias em ambul\u00e2ncia anuais de emerg\u00eancias obst\u00e9tricas para o hospital de Aber, o \u00fanico para 388 mil pessoas. \u201cAcompanhamos os aspectos pr\u00e1ticos para garantir a continuidade deste servi\u00e7o\u201d, informam os m\u00e9dicos do CUAMM -, fornecendo aos 23 postos de sa\u00fade perif\u00e9ricos cr\u00e9dito telef\u00f4nico necess\u00e1rio para permitir o contato com o hospital em casos graves. Al\u00e9m disso, para incentivar o acesso \u00e0 assist\u00eancia natal, com o envolvimento da comunidade local, estendemos a 6 postos de sa\u00fade das periferias a distribui\u00e7\u00e3o de vouchers, ou seja, b\u00f4nus para transporte de 3 euros, a fim que as mulheres possam ter acesso \u00e0 assist\u00eancia no parto sem custos\u201d.<\/p>\n<p style=\"text-align: justify;\">Fonte:\u00a0 Ag\u00eancia Fides.<\/p>\n","protected":false},"excerpt":{"rendered":"<p>Oyam (Ag\u00eancia Fides) \u2013 Oferecer assist\u00eancia ao parto para as gestantes do distrito de Oyam, em Uganda, \u00e9 a miss\u00e3o que M\u00e9dicos com a \u00c1frica CUAMM est\u00e1 realizando por ocasi\u00e3o do Dia da Mulher, que se celebra no pr\u00f3ximo 8 de mar\u00e7o. Concretamente \u2013 informa uma nota enviada \u00e0 Ag\u00eancia Fides \u2013 a organiza\u00e7\u00e3o garante [&hellip;]<\/p>\n","protected":false},"author":1,"featured_media":0,"comment_status":"open","ping_status":"open","sticky":false,"template":"","format":"standard","meta":{"footnotes":""},"categories":[4],"tags":[],"class_list":["post-13674","post","type-post","status-publish","format-standard","hentry","category-cotidiano"],"_links":{"self":[{"href":"https:\/\/catolicanet.net\/wp-cnet\/wp-json\/wp\/v2\/posts\/13674","targetHints":{"allow":["GET"]}}],"collection":[{"href":"https:\/\/catolicanet.net\/wp-cnet\/wp-json\/wp\/v2\/posts"}],"about":[{"href":"https:\/\/catolicanet.net\/wp-cnet\/wp-json\/wp\/v2\/types\/post"}],"author":[{"embeddable":true,"href":"https:\/\/catolicanet.net\/wp-cnet\/wp-json\/wp\/v2\/users\/1"}],"replies":[{"embeddable":true,"href":"https:\/\/catolicanet.net\/wp-cnet\/wp-json\/wp\/v2\/comments?post=13674"}],"version-history":[{"count":1,"href":"https:\/\/catolicanet.net\/wp-cnet\/wp-json\/wp\/v2\/posts\/13674\/revisions"}],"predecessor-version":[{"id":26346,"href":"https:\/\/catolicanet.net\/wp-cnet\/wp-json\/wp\/v2\/posts\/13674\/revisions\/26346"}],"wp:attachment":[{"href":"https:\/\/catolicanet.net\/wp-cnet\/wp-json\/wp\/v2\/media?parent=13674"}],"wp:term":[{"taxonomy":"category","embeddable":true,"href":"https:\/\/catolicanet.net\/wp-cnet\/wp-json\/wp\/v2\/categories?post=13674"},{"taxonomy":"post_tag","embeddable":true,"href":"https:\/\/catolicanet.net\/wp-cnet\/wp-json\/wp\/v2\/tags?post=13674"}],"curies":[{"name":"wp","href":"https:\/\/api.w.org\/{rel}","templated":true}]}}