{"id":13670,"date":"2016-03-07T14:09:11","date_gmt":"2016-03-07T17:09:11","guid":{"rendered":"http:\/\/catolicanet.net\/wp-cnet\/2016\/03\/07\/jmj-de-cracovia-presenca-de-5-jovens-de-gaza\/"},"modified":"2017-06-02T11:04:15","modified_gmt":"2017-06-02T14:04:15","slug":"jmj-de-cracovia-presenca-de-5-jovens-de-gaza","status":"publish","type":"post","link":"https:\/\/catolicanet.net\/wp-cnet\/jmj-de-cracovia-presenca-de-5-jovens-de-gaza\/","title":{"rendered":"JMJ de Crac\u00f3via: presen\u00e7a de 5 jovens de Gaza"},"content":{"rendered":"<p style=\"text-align: justify;\"><img decoding=\"async\" src=\"http:\/\/catolicanet.com.br\/images\/stories\/geral\/rv11557_articolo.jpg\" border=\"0\" align=\"left\" \/>Haver\u00e1 tamb\u00e9m 5 jovens de Gaza, tr\u00eas cat\u00f3licos e dois ortodoxos, entre os participantes da pr\u00f3xima Jornada Mundial da Juventude, que se realizar\u00e1 em Crac\u00f3via, Pol\u00f4nia, de 25 a 31 julho de 2016. Quem confirmou \u00e0 Ag\u00eancia Sir \u00e9 o Padre Mario da Silva, p\u00e1roco brasileiro da par\u00f3quia latina da Sagrada Fam\u00edlia, a \u00fanica da Faixa de Gaza, um \u201cpequeno rebanho\u201d formado por pouco mais de 130 cat\u00f3licos. No entanto, adverte o religioso, \u201ctudo \u00e9 deixado \u00e0 decis\u00e3o das autoridades israelense, se nos dar\u00e3o ou n\u00e3o a permiss\u00e3o para sair de Gaza. Se isso acontecesse, e rezamos todos os dias por esta inten\u00e7\u00e3o, seria a primeira vez que o jovens crist\u00e3os \u201cgazawi\u201d participam de uma JMJ\u201d.<\/p>\n<p>Testemunhas do sofrimento<\/p>\n<p>Para estes jovens, diz o sacerdote, \u201cseria uma importante oportunidade de crescimento e conhecimento, eles que nunca sa\u00edram a Faixa de Gaza. Eles poder\u00e3o testemunhar seu sofrimento. Esta participa\u00e7\u00e3o seria um grande presente para todos os crist\u00e3os de Gaza\u201d. De acordo com Dom William Shomali, Vig\u00e1rio geral do Patriarcado Latino de Jerusal\u00e9m, que ir\u00e1 acompanhar o grupo a Crac\u00f3via, \u201cchegaremos facilmente a mais de 600 participantes, embaixadores de miseric\u00f3rdia da terra de Jesus. Aos jovens palestinos, de diversos ritos presentes na Terra Santa, se acrescentar\u00e3o outros de Israel e Jord\u00e2nia, al\u00e9m daqueles do Caminho Neocatecumenal da Galil\u00e9ia. Em Crac\u00f3via, estar\u00e3o presentes jovens de todas as Igrejas\u201d.<\/p>\n<p>No programa, visita ao campo de Auschwitz<br \/>Os jovens da Terra Santa aos participantes da JMJ tamb\u00e9m v\u00e3o visitar o campo de exterm\u00ednio de Auschwitz-Birkenau, como confirmou \u00e0 SIR o p\u00e1roco da aldeia crist\u00e3 de Beit Sahour, Padre Iyad Twal: \u201cser\u00e1 um momento importante para os nossos jovens. Naquela ocasi\u00e3o, vamos enfatizar toda a nossa oposi\u00e7\u00e3o ao mal, ao sofrimento, \u00e0 dor, \u00e0 injusti\u00e7a e todo o nosso apoio \u00e0 vida, ao direito, \u00e0 justi\u00e7a, \u00e0 liberdade para todas as pessoas, sem qualquer distin\u00e7\u00e3o. Somos contra o mal e a guerra, e a favor da paz. N\u00f3s tamb\u00e9m temos o direito \u00e0 nossa independ\u00eancia e liberdade. A mem\u00f3ria do passado deve servir para construir um presente e um futuro melhor e mais justo para toda a humanidade\u201d.<\/p>\n<p style=\"text-align: justify;\">Fonte: R\u00e1dio Vaticano<\/p>\n","protected":false},"excerpt":{"rendered":"<p>Haver\u00e1 tamb\u00e9m 5 jovens de Gaza, tr\u00eas cat\u00f3licos e dois ortodoxos, entre os participantes da pr\u00f3xima Jornada Mundial da Juventude, que se realizar\u00e1 em Crac\u00f3via, Pol\u00f4nia, de 25 a 31 julho de 2016. Quem confirmou \u00e0 Ag\u00eancia Sir \u00e9 o Padre Mario da Silva, p\u00e1roco brasileiro da par\u00f3quia latina da Sagrada Fam\u00edlia, a \u00fanica da [&hellip;]<\/p>\n","protected":false},"author":1,"featured_media":0,"comment_status":"open","ping_status":"open","sticky":false,"template":"","format":"standard","meta":{"footnotes":""},"categories":[3],"tags":[],"class_list":["post-13670","post","type-post","status-publish","format-standard","hentry","category-vaticano"],"_links":{"self":[{"href":"https:\/\/catolicanet.net\/wp-cnet\/wp-json\/wp\/v2\/posts\/13670","targetHints":{"allow":["GET"]}}],"collection":[{"href":"https:\/\/catolicanet.net\/wp-cnet\/wp-json\/wp\/v2\/posts"}],"about":[{"href":"https:\/\/catolicanet.net\/wp-cnet\/wp-json\/wp\/v2\/types\/post"}],"author":[{"embeddable":true,"href":"https:\/\/catolicanet.net\/wp-cnet\/wp-json\/wp\/v2\/users\/1"}],"replies":[{"embeddable":true,"href":"https:\/\/catolicanet.net\/wp-cnet\/wp-json\/wp\/v2\/comments?post=13670"}],"version-history":[{"count":1,"href":"https:\/\/catolicanet.net\/wp-cnet\/wp-json\/wp\/v2\/posts\/13670\/revisions"}],"predecessor-version":[{"id":28057,"href":"https:\/\/catolicanet.net\/wp-cnet\/wp-json\/wp\/v2\/posts\/13670\/revisions\/28057"}],"wp:attachment":[{"href":"https:\/\/catolicanet.net\/wp-cnet\/wp-json\/wp\/v2\/media?parent=13670"}],"wp:term":[{"taxonomy":"category","embeddable":true,"href":"https:\/\/catolicanet.net\/wp-cnet\/wp-json\/wp\/v2\/categories?post=13670"},{"taxonomy":"post_tag","embeddable":true,"href":"https:\/\/catolicanet.net\/wp-cnet\/wp-json\/wp\/v2\/tags?post=13670"}],"curies":[{"name":"wp","href":"https:\/\/api.w.org\/{rel}","templated":true}]}}