{"id":13666,"date":"2016-03-07T13:09:07","date_gmt":"2016-03-07T16:09:07","guid":{"rendered":"http:\/\/catolicanet.net\/wp-cnet\/2016\/03\/07\/bispos-refletem-sobre-missao-com-as-pastorais-sociais-e-buscam-transversalidade\/"},"modified":"2017-05-26T16:13:48","modified_gmt":"2017-05-26T19:13:48","slug":"bispos-refletem-sobre-missao-com-as-pastorais-sociais-e-buscam-transversalidade","status":"publish","type":"post","link":"https:\/\/catolicanet.net\/wp-cnet\/bispos-refletem-sobre-missao-com-as-pastorais-sociais-e-buscam-transversalidade\/","title":{"rendered":"Bispos refletem sobre miss\u00e3o com as Pastorais Sociais e buscam transversalidade"},"content":{"rendered":"<p style=\"text-align: justify;\"><img decoding=\"async\" src=\"http:\/\/catolicanet.com.br\/images\/stories\/geral\/bispos_pastoraissociais-interna.jpg\" border=\"0\" align=\"left\" \/>Comiss\u00e3o para o Servi\u00e7o da Caridade, da Justi\u00e7a e da Paz re\u00fane bispos referenciais e coordenadores nacionais<\/p>\n<p>Os bispos que comp\u00f5em a Comiss\u00e3o Episcopal Pastoral para o Servi\u00e7o da Caridade, da Justi\u00e7a e da Paz da Confer\u00eancia Nacional dos Bispos do Brasil (CNBB) e os referenciais das Pastorais Sociais estiveram reunidos na sede da entidade, na quarta-feira, 02, para reflex\u00f5es a respeito da estrutura da Comiss\u00e3o, do m\u00fanus episcopal nas Pastorais Sociais e da Doutrina Social da Igreja. O encontro foi seguido por outra reuni\u00e3o, desta vez com os coordenadores das Pastorais, do Setor Mobilidade Humana e dos Organismos ligados \u00e0 Comiss\u00e3o da CNBB. O evento termina nesta sexta-feira, 4.<\/p>\n<p>De acordo com o bispo de Ipameri (GO) e presidente da Comiss\u00e3o Episcopal para o Servi\u00e7o da Caridade, da Justi\u00e7a e da Paz da CNBB, dom Guilherme Ant\u00f4nio Werlang, a inten\u00e7\u00e3o \u00e9 que os bispos cada vez mais tenham seu papel na atua\u00e7\u00e3o das Pastorais. \u201cO bispo n\u00e3o deve apenas ser alguma figura decorativa, mas ele deve conhecer a pastoral, ele deve conhecer a dimens\u00e3o da Comiss\u00e3o Episcopal Pastoral para que, efetivamente, ele possa somar, ele possa tamb\u00e9m dizer a sua palavra, que ele tamb\u00e9m possa ouvir todos os anseios, todas as angustias, todos os desafios que as pastorais enfrentam diariamente na sua base\u201d, explicou. <\/p>\n<p>Dom Guilherme ressalta que tal iniciativa n\u00e3o consiste em tirar o papel e o valor do trabalho de leigos, leigas, religiosos e padres. \u201cMuitas vezes n\u00f3s, enquanto bispos, diante da miss\u00e3o especifica do nosso minist\u00e9rio, n\u00e3o conseguimos chegar ao alcance dos problemas sociais que esses nossos irm\u00e3os e irm\u00e3s leigos e leigas, padres ou religiosos que est\u00e3o l\u00e1 na fronteira, que est\u00e3o l\u00e1 onde acontecem os problemas sociais&#8230; aquilo que eles muitas vezes vivem, n\u00f3s n\u00e3o conseguimos chegar t\u00e3o pr\u00f3ximos\u201d, considera.<\/p>\n<p>Al\u00e9m de dom Guilherme, participaram os bispos de Balsas (MA) e presidente da Comiss\u00e3o Pastoral da Terra (CPT), dom Enem\u00e9sio Lazzaris; de Ruy Barbosa (BA) e vice-presidente da CPT, dom Andr\u00e9 De Witte; da prelazia de Maraj\u00f3 (PA) e referencial das Pastorais Sociais do regional Norte 2 da CNBB, dom Jos\u00e9 Lu\u00eds Azcona Hermoso; o bispo eleito de Amparo (SP) e referencial da Pastoral do Menor Nacional (Pamen), dom Luiz Gonzaga Fechio, que tamb\u00e9m \u00e9 membro da Comiss\u00e3o; de Joa\u00e7aba (SC) e referencial das Pastorais Sociais no regional Sul 4 da CNBB, dom M\u00e1rio Marquez; o arcebispo de S\u00e3o Lu\u00eds (MA), dom Jos\u00e9 Belis\u00e1rio da Silva; o bispo de Alto Solim\u00f5es (AM) e referencial das Pastorais Sociais do regional Norte 1 da CNBB, dom Adolfo Zon Pereira; e o bispo de Lorena (SP) e presidente da Comiss\u00e3o Episcopal para o Servi\u00e7o da Caridade, da Justi\u00e7a e da Paz do regional Sul 1 da CNBB, dom Jo\u00e3o In\u00e1cio M\u00fcller. A reuni\u00e3o teve colabora\u00e7\u00e3o do assessor da Comiss\u00e3o da CNBB, frei Ol\u00e1vio Dotto; da secret\u00e1ria do Setor Mobilidade Humana da Confer\u00eancia, irm\u00e3 Claudina Scapini; de Daniel Seidel e de Pedro Ribeiro de Oliveira.<br \/>Coordena\u00e7\u00f5es<\/p>\n<p>Com o objetivo de discutir e avaliar a caminhada frente aos desafios da atualidade, dar continuidade \u00e0 constru\u00e7\u00e3o e detalhamento do Plano de A\u00e7\u00e3o para 2016 e indica\u00e7\u00f5es para Plano Quadrienal da CNBB, as coordena\u00e7\u00f5es nacionais das Pastorais Sociais iniciaram, logo ap\u00f3s a reuni\u00e3o dos bispos, no dia 2, seu encontro nacional.<\/p>\n<p>Na pauta da reuni\u00e3o, houve apresenta\u00e7\u00e3o da an\u00e1lise de conjuntura social, pol\u00edtica e econ\u00f4mica. Os participantes tamb\u00e9m debateram sobre o sistema da D\u00edvida P\u00fablica Brasileira. No contexto eclesial, refletiram a respeito dos desafios para a\u00e7\u00e3o da Igreja a partir da exorta\u00e7\u00e3o apost\u00f3lica \u201cAlegria do Evangelho\u201d e da enc\u00edclica \u201cLaudato S\u00ed\u201d, ambas do papa Francisco.<\/p>\n<p>O Centro de Sustentabilidade das Pastorais Sociais (Census) tamb\u00e9m foi um dos temas tratados no encontro. Foi abordada a constru\u00e7\u00e3o do instituto e orienta\u00e7\u00f5es para sua assembleia.<\/p>\n<p>As Pastorais Sociais e organismos apresentaram suas dificuldades, os avan\u00e7os e os chamados \u201csinais de vitalidade\u201d. A partir desse processo foi tratado o Plano de A\u00e7\u00e3o para este ano e indica\u00e7\u00f5es para o Plano Quadrienal da CNBB (2015-2019).<\/p>\n<p>Em grupos os participantes abordaram o papel da Comiss\u00e3o no processo de forma\u00e7\u00e3o, articula\u00e7\u00e3o e sustentabilidade das Pastorais e organismos e sobre as a\u00e7\u00f5es para concretizar as prioridades, considerando o Plano Quadrienal.<\/p>\n<p>\u201cNo ano passado, o in\u00edcio do quadri\u00eanio, n\u00f3s refizemos todo um planejamento e agora n\u00f3s vamos repassar aos coordenadores e aos bispos acompanhantes para que todos possam se apropriar, que todos possam conhecer esse planejamento com as suas necessidades e suas prioridades mais urgentes para o nosso trabalho\u201d, explicou dom Guilherme Werlang.<br \/>Transversalidade<\/p>\n<p>Para dom Guilherme Werlang, uma necessidade da Comiss\u00e3o 8, como \u00e9 chamada a Comiss\u00e3o Episcopal Pastoral para o Servi\u00e7o da Caridade, da Justi\u00e7a e da Paz da CNBB, \u00e9 a \u201ctransversalidade\u201d. \u201cO que n\u00f3s percebemos muito \u00e9 que, se n\u00f3s temos mais de 20 pastorais na Comiss\u00e3o, cada uma faz o seu servi\u00e7o, mas \u00e0s vezes n\u00e3o sabe o que a outra Pastoral, tamb\u00e9m social, est\u00e1 fazendo\u201d, conta o bispo. Para ele, o di\u00e1logo favorece a pastoral de conjunto.<\/p>\n<p>Como exemplo, falou de realidades de pessoas que precisam, simultaneamente, do atendimento da Pastoral da Crian\u00e7a, da Sa\u00fade, do Povo da Rua e da Mulher Marginalizada. \u201cEssa necessidade dos bispos, juntos com os coordenadores e coordenadoras, sentarem juntos, procurar conhecer, auxiliar , iluminar-se mutuamente para que n\u00f3s possamos estar mais perto daqueles que s\u00e3o os prediletos de Jesus, os mais pobres, os mais exclu\u00eddos e n\u00e3o fazer por eles s\u00f3, mas com eles construirmos uma sociedade que seja justa, que seja fraterna, que seja de vida plena para todos\u201d, disse dom Guilherme.<\/p>\n<p>Durante o encontro com coordenadores tamb\u00e9m foi abordado o projeto \u201cOlimp\u00edadas Solid\u00e1rias\u201d da Confer\u00eancia dos Religiosos do Brasil (CRB) e houve uma apresenta\u00e7\u00e3o sobre o Marco Regulat\u00f3rio das Organiza\u00e7\u00f5es da Sociedade Civil (MROSC).<\/p>\n<p style=\"text-align: justify;\">Fonte: CNBB<\/p>\n","protected":false},"excerpt":{"rendered":"<p>Comiss\u00e3o para o Servi\u00e7o da Caridade, da Justi\u00e7a e da Paz re\u00fane bispos referenciais e coordenadores nacionais Os bispos que comp\u00f5em a Comiss\u00e3o Episcopal Pastoral para o Servi\u00e7o da Caridade, da Justi\u00e7a e da Paz da Confer\u00eancia Nacional dos Bispos do Brasil (CNBB) e os referenciais das Pastorais Sociais estiveram reunidos na sede da entidade, [&hellip;]<\/p>\n","protected":false},"author":1,"featured_media":0,"comment_status":"open","ping_status":"open","sticky":false,"template":"","format":"standard","meta":{"footnotes":""},"categories":[7],"tags":[],"class_list":["post-13666","post","type-post","status-publish","format-standard","hentry","category-cnbb"],"_links":{"self":[{"href":"https:\/\/catolicanet.net\/wp-cnet\/wp-json\/wp\/v2\/posts\/13666","targetHints":{"allow":["GET"]}}],"collection":[{"href":"https:\/\/catolicanet.net\/wp-cnet\/wp-json\/wp\/v2\/posts"}],"about":[{"href":"https:\/\/catolicanet.net\/wp-cnet\/wp-json\/wp\/v2\/types\/post"}],"author":[{"embeddable":true,"href":"https:\/\/catolicanet.net\/wp-cnet\/wp-json\/wp\/v2\/users\/1"}],"replies":[{"embeddable":true,"href":"https:\/\/catolicanet.net\/wp-cnet\/wp-json\/wp\/v2\/comments?post=13666"}],"version-history":[{"count":1,"href":"https:\/\/catolicanet.net\/wp-cnet\/wp-json\/wp\/v2\/posts\/13666\/revisions"}],"predecessor-version":[{"id":23837,"href":"https:\/\/catolicanet.net\/wp-cnet\/wp-json\/wp\/v2\/posts\/13666\/revisions\/23837"}],"wp:attachment":[{"href":"https:\/\/catolicanet.net\/wp-cnet\/wp-json\/wp\/v2\/media?parent=13666"}],"wp:term":[{"taxonomy":"category","embeddable":true,"href":"https:\/\/catolicanet.net\/wp-cnet\/wp-json\/wp\/v2\/categories?post=13666"},{"taxonomy":"post_tag","embeddable":true,"href":"https:\/\/catolicanet.net\/wp-cnet\/wp-json\/wp\/v2\/tags?post=13666"}],"curies":[{"name":"wp","href":"https:\/\/api.w.org\/{rel}","templated":true}]}}