{"id":13664,"date":"2016-03-07T13:01:15","date_gmt":"2016-03-07T16:01:15","guid":{"rendered":"http:\/\/catolicanet.net\/wp-cnet\/2016\/03\/07\/regional-enviara-20-mil-biblias-para-a-africa\/"},"modified":"2017-05-26T16:15:29","modified_gmt":"2017-05-26T19:15:29","slug":"regional-enviara-20-mil-biblias-para-a-africa","status":"publish","type":"post","link":"https:\/\/catolicanet.net\/wp-cnet\/regional-enviara-20-mil-biblias-para-a-africa\/","title":{"rendered":"Regional enviar\u00e1 20 mil b\u00edblias para a \u00c1frica"},"content":{"rendered":"<p style=\"text-align: justify;\"><img decoding=\"async\" src=\"http:\/\/catolicanet.com.br\/images\/stories\/geral\/20mil-biblias_sul2.png\" border=\"0\" align=\"left\" \/>Iniciativa mission\u00e1ria do regional Sul 2 pretende arrecadar recursos para aquisi\u00e7\u00e3o de b\u00edblias<\/p>\n<p>O regional Sul 2 da Confer\u00eancia Nacional dos Bispos do Brasil (CNBB) lan\u00e7ou, em setembro de 2015, a A\u00e7\u00e3o Mission\u00e1ria 20 mil B\u00edblias para a \u00c1frica. A iniciativa, que envolve os milhares de catequizandos de todo o estado do Paran\u00e1 e membros de pastorais, movimentos e organismos da Confer\u00eancia presentes no regional, tem o objetivo de estreitar la\u00e7os com a Igreja Cat\u00f3lica presente em Guin\u00e9 Bissau e arrecadar fundos para a doa\u00e7\u00e3o das B\u00edblias ao pa\u00eds.<\/p>\n<p>A parte concreta da A\u00e7\u00e3o Mission\u00e1ria iniciou neste m\u00eas de mar\u00e7o e se desenvolver\u00e1 at\u00e9 o final de novembro deste ano. Foi disponibilizado um hotsite com v\u00eddeos, fotos, testemunhos e informa\u00e7\u00f5es sobre o andamento da miss\u00e3o que o regional Sul 2 da CNBB assumiu na Guin\u00e9 Bissau, na diocese de Bafat\u00e1, cujo bispo \u00e9 o brasileiro dom Carlos Pedro Zilli Filho.\u00a0 <\/p>\n<p>Em meados de 2015, dom Pedro Zilli fez um pedido aos bispos do Paran\u00e1 para que fossem arrecadadas 20 mil b\u00edblias, a fim de distribuir tanto para os fi\u00e9is de Bafat\u00e1, quanto de outras dioceses de Guin\u00e9 Bissau.<\/p>\n<p>O bispo contou que h\u00e1 um costume no pa\u00eds de que, por ocasi\u00e3o dos sacramentos do Batismo e da Crisma, os padrinhos escolhem presentear os afilhados com a B\u00edblia em crioulo ou em portugu\u00eas. Os trabalhos de evangeliza\u00e7\u00e3o t\u00eam feito a procura por b\u00edblias aumentar. Foram reeditados mais de 15 mil exemplares do Novo Testamento em crioulo e tamb\u00e9m h\u00e1 um projeto para aquisi\u00e7\u00e3o da B\u00edblia Edi\u00e7\u00e3o Africana em portugu\u00eas para os pa\u00edses lus\u00f3fonos, de acordo com dom Pedro.<\/p>\n<p><img decoding=\"async\" src=\"http:\/\/catolicanet.com.br\/images\/stories\/geral\/diocese-bafata-dom-pedrozilli.jpg\" border=\"0\" align=\"right\" \/>\u201cE a Igreja no Brasil que agora vai se abrindo, com a f\u00e9 em Cristo Jesus; com pessoas, e esse \u00e9 o maior dom; e tamb\u00e9m com recursos. Estou vendo o sacrif\u00edcio grande, o empenho grande que o Paran\u00e1 est\u00e1 fazendo para a constru\u00e7\u00e3o dessa nova miss\u00e3o Cat\u00f3lica Paulo VI, em Quebo\u201d, comenta dom Pedro Zilli.<\/p>\n<p>Desde 2014 o regional Sul 2 da CNBB desenvolve a Miss\u00e3o Cat\u00f3lica em Quebo, na Guin\u00e9 Bissau. \u201cVejo l\u00e1 com muita alegria o casal Pedro e Salete Lang. \u00c9 admir\u00e1vel, \u00e9 um mist\u00e9rio, um casal nesse mund\u00e3o que vivemos com tantas preocupa\u00e7\u00f5es que, por causa da f\u00e9, s\u00e3o capazes de deixar uma filha, dois netos e estarem l\u00e1\u201d, afirma o bispo.<\/p>\n<p>Com o tema \u201cMiss\u00e3o, Palavra e P\u00e3o\u201d e o lema \u201cFicai alegres, porque vossos nomes est\u00e3o escritos no c\u00e9u\u201d (Lc 10, 20), o projeto de aquisi\u00e7\u00e3o de 20 mil b\u00edblias vai envolver crian\u00e7as da catequese e membros de pastorais, movimentos e organismos, al\u00e9m das escolas cat\u00f3licas. Foram distribu\u00eddos folders com informa\u00e7\u00f5es sobre a A\u00e7\u00e3o Miss\u00e3o e o incentivo \u00e0 colabora\u00e7\u00e3o de dez pessoas. O material tem um n\u00famero de cupom para sorteio de ter\u00e7os mission\u00e1rios para as par\u00f3quias.<br \/>Visita \u00e0 miss\u00e3o<\/p>\n<p>O bispo de Ponta Grossa (PR) e referencial para a A\u00e7\u00e3o Mission\u00e1ria do regional Sul 2 da CNBB, dom Sergio Arthur Braschi, visitou recentemente a miss\u00e3o em Quebo e partilhou a experi\u00eancia. \u201cFoi uma alegria muito grande, sobretudo conviver com esse povo,\u00a0 que vive uma condi\u00e7\u00e3o de pobreza bastante acentuada, dificuldades do clima, da \u00e1gua, mas que \u00e9 um povo alegre, animado, que nos recebeu com muito carinho\u201d, lembrou.<\/p>\n<p style=\"text-align: justify;\">Fonte: CNBB<\/p>\n","protected":false},"excerpt":{"rendered":"<p>Iniciativa mission\u00e1ria do regional Sul 2 pretende arrecadar recursos para aquisi\u00e7\u00e3o de b\u00edblias O regional Sul 2 da Confer\u00eancia Nacional dos Bispos do Brasil (CNBB) lan\u00e7ou, em setembro de 2015, a A\u00e7\u00e3o Mission\u00e1ria 20 mil B\u00edblias para a \u00c1frica. A iniciativa, que envolve os milhares de catequizandos de todo o estado do Paran\u00e1 e membros [&hellip;]<\/p>\n","protected":false},"author":1,"featured_media":0,"comment_status":"open","ping_status":"open","sticky":false,"template":"","format":"standard","meta":{"footnotes":""},"categories":[7],"tags":[],"class_list":["post-13664","post","type-post","status-publish","format-standard","hentry","category-cnbb"],"_links":{"self":[{"href":"https:\/\/catolicanet.net\/wp-cnet\/wp-json\/wp\/v2\/posts\/13664","targetHints":{"allow":["GET"]}}],"collection":[{"href":"https:\/\/catolicanet.net\/wp-cnet\/wp-json\/wp\/v2\/posts"}],"about":[{"href":"https:\/\/catolicanet.net\/wp-cnet\/wp-json\/wp\/v2\/types\/post"}],"author":[{"embeddable":true,"href":"https:\/\/catolicanet.net\/wp-cnet\/wp-json\/wp\/v2\/users\/1"}],"replies":[{"embeddable":true,"href":"https:\/\/catolicanet.net\/wp-cnet\/wp-json\/wp\/v2\/comments?post=13664"}],"version-history":[{"count":1,"href":"https:\/\/catolicanet.net\/wp-cnet\/wp-json\/wp\/v2\/posts\/13664\/revisions"}],"predecessor-version":[{"id":23839,"href":"https:\/\/catolicanet.net\/wp-cnet\/wp-json\/wp\/v2\/posts\/13664\/revisions\/23839"}],"wp:attachment":[{"href":"https:\/\/catolicanet.net\/wp-cnet\/wp-json\/wp\/v2\/media?parent=13664"}],"wp:term":[{"taxonomy":"category","embeddable":true,"href":"https:\/\/catolicanet.net\/wp-cnet\/wp-json\/wp\/v2\/categories?post=13664"},{"taxonomy":"post_tag","embeddable":true,"href":"https:\/\/catolicanet.net\/wp-cnet\/wp-json\/wp\/v2\/tags?post=13664"}],"curies":[{"name":"wp","href":"https:\/\/api.w.org\/{rel}","templated":true}]}}