{"id":13663,"date":"2016-03-07T12:51:03","date_gmt":"2016-03-07T15:51:03","guid":{"rendered":"http:\/\/catolicanet.net\/wp-cnet\/2016\/03\/07\/fundo-nacional-de-solidariedade-apoia-centenas-de-projetos-pelo-brasil\/"},"modified":"2017-05-26T16:15:29","modified_gmt":"2017-05-26T19:15:29","slug":"fundo-nacional-de-solidariedade-apoia-centenas-de-projetos-pelo-brasil","status":"publish","type":"post","link":"https:\/\/catolicanet.net\/wp-cnet\/fundo-nacional-de-solidariedade-apoia-centenas-de-projetos-pelo-brasil\/","title":{"rendered":"Fundo Nacional de Solidariedade apoia centenas de projetos pelo Brasil"},"content":{"rendered":"<p style=\"text-align: justify;\"><img decoding=\"async\" src=\"http:\/\/catolicanet.com.br\/images\/stories\/fundo.jpg\" border=\"0\" align=\"left\" \/>Este ano, ser\u00e3o contemplados projetos ecum\u00eanicos<\/p>\n<p style=\"text-align: justify;\">Desde a sua cria\u00e7\u00e3o, em 1998, o Fundo Nacional de Solidariedade (FNS), vem apoiando centenas de projetos sociais em diferentes regi\u00f5es do pa\u00eds. A iniciativa, aprovada durante a 36\u00aa Assembleia Geral da Confer\u00eancia Nacional dos Bispos do Brasil (CNBB), \u00e9 resultado da Coleta da Solidariedade realizada no Domingo de Ramos. Somente no per\u00edodo de 2010 a 2015, foram atendidos mais de 1760 projetos.<\/p>\n<p>Essa arrecada\u00e7\u00e3o de fundos integra as atividades da Campanha da Fraternidade, com participa\u00e7\u00e3o efetiva das dioceses, par\u00f3quias e comunidades. Do valor total arrecadado nas coletas das missas, 40% s\u00e3o enviados ao Fundo Nacional da Solidariedade, gerido pela CNBB. Os outros 60% atender\u00e3o a projetos sociais das arquidioceses, administrados pelos respectivos Fundos Diocesanos de Solidariedade (FDS).<\/p>\n<p>De acordo com o bispo auxiliar de Bras\u00edlia (DF) e secret\u00e1rio geral da CNBB, dom Leonardo Steiner, o FNS \u00e9 fruto do gesto concreto dos crist\u00e3os, que por meio das doa\u00e7\u00f5es, colaboram com projetos de erradica\u00e7\u00e3o de vulnerabilidade e risco social em diversas regi\u00f5es do Brasil. <\/p>\n<p>&#8220;O Fundo de Solidariedade \u00e9 um gesto profundo de convers\u00e3o durantes a caminhada quaresmal. Ajuda a manter pequenos projetos das Pastorais Sociais, atividades de renda, nas periferias, na agricultura familiar, entre outros&#8221;, explica dom Leonardo.<\/p>\n<p>Campanha Ecum\u00eanica <\/p>\n<p><img decoding=\"async\" src=\"http:\/\/catolicanet.com.br\/images\/stories\/geral\/domleonardo.jpg\" border=\"0\" align=\"right\" \/>O Fundo Nacional da Solidariedade deste ano apoiar\u00e1 projetos ecum\u00eanicos, dentro da proposta da Campanha da Fraternidade Ecum\u00eanica 2016 (CFE). Com o tema \u201cCasa comum, nossa responsabilidade\u201d e o lema \u201cQuero ver o direito brotar como fonte e correr a justi\u00e7a qual riacho que n\u00e3o seca\u201d (Am 5.24), a CFE \u00e9 realizada em parceria com o Conselho Nacional de Igrejas Crist\u00e3s do Brasil (Conic). <\/p>\n<p>A proposta est\u00e1 em sintonia com a Enc\u00edclica do papa Francisco, \u201cLaudato Si\u201d, buscando debater com a sociedade quest\u00f5es do saneamento b\u00e1sico a fim de garantir desenvolvimento, sa\u00fade integral e qualidade de vida aos cidad\u00e3os. <\/p>\n<p>A CFE come\u00e7ou no dia 10 de fevereiro e se encerrar\u00e1 no Domingo de Ramos, 20 de mar\u00e7o, com a Coleta da Solidariedade. &#8220;A coleta deste ano tem um significado muito importante destinada ao Fundo Nacional de Solidariedade Ecum\u00eanico. Teremos representantes de cada igreja do Conselho Nacional de Igrejas Crist\u00e3s para compor o conselho gestor deste fundo&#8221;, explica dom Leonardo. <\/p>\n<p>Ainda, segundo o bispo, o gesto fraterno da oferta tem um car\u00e1ter de convers\u00e3o quaresmal, com aten\u00e7\u00e3o a valoriza\u00e7\u00e3o da vida. &#8220;N\u00f3s somos uma Igreja viva e ativa, que realmente se preocupa com os pobres e est\u00e1 ao lado dos pobres. Queremos ajudar para que todos se sintam filhos e filhas de Deus\u201d, disse. <\/p>\n<p>Sele\u00e7\u00e3o de projetos<\/p>\n<p>Os processos de recebimento, an\u00e1lise, deferimento e acompanhamento de todos os projetos s\u00e3o de responsabilidade da CNBB, por meio do Conselho Gestor do Fundo Nacional de Solidariedade e Departamento Social. O per\u00edodo para envio dos projetos ocorreu nos meses de setembro e novembro do ano passado. <\/p>\n<p>O FNS apoia projetos, observados um dos tr\u00eas eixos: Forma\u00e7\u00e3o e Capacita\u00e7\u00e3o, Mobiliza\u00e7\u00e3o e Supera\u00e7\u00e3o de vulnerabilidade econ\u00f4mica e gera\u00e7\u00e3o de renda. Para envio de projetos a Institui\u00e7\u00e3o deve estar em conformidade com o Edital do Fundo Nacional de Solidariedade, dispon\u00edvel em: http:\/\/campanhas.cnbb.org.br.<\/p>\n<p style=\"text-align: justify;\">Fonte: CNBB<\/p>\n","protected":false},"excerpt":{"rendered":"<p>Este ano, ser\u00e3o contemplados projetos ecum\u00eanicos Desde a sua cria\u00e7\u00e3o, em 1998, o Fundo Nacional de Solidariedade (FNS), vem apoiando centenas de projetos sociais em diferentes regi\u00f5es do pa\u00eds. A iniciativa, aprovada durante a 36\u00aa Assembleia Geral da Confer\u00eancia Nacional dos Bispos do Brasil (CNBB), \u00e9 resultado da Coleta da Solidariedade realizada no Domingo de [&hellip;]<\/p>\n","protected":false},"author":1,"featured_media":0,"comment_status":"open","ping_status":"open","sticky":false,"template":"","format":"standard","meta":{"footnotes":""},"categories":[7],"tags":[],"class_list":["post-13663","post","type-post","status-publish","format-standard","hentry","category-cnbb"],"_links":{"self":[{"href":"https:\/\/catolicanet.net\/wp-cnet\/wp-json\/wp\/v2\/posts\/13663","targetHints":{"allow":["GET"]}}],"collection":[{"href":"https:\/\/catolicanet.net\/wp-cnet\/wp-json\/wp\/v2\/posts"}],"about":[{"href":"https:\/\/catolicanet.net\/wp-cnet\/wp-json\/wp\/v2\/types\/post"}],"author":[{"embeddable":true,"href":"https:\/\/catolicanet.net\/wp-cnet\/wp-json\/wp\/v2\/users\/1"}],"replies":[{"embeddable":true,"href":"https:\/\/catolicanet.net\/wp-cnet\/wp-json\/wp\/v2\/comments?post=13663"}],"version-history":[{"count":1,"href":"https:\/\/catolicanet.net\/wp-cnet\/wp-json\/wp\/v2\/posts\/13663\/revisions"}],"predecessor-version":[{"id":23840,"href":"https:\/\/catolicanet.net\/wp-cnet\/wp-json\/wp\/v2\/posts\/13663\/revisions\/23840"}],"wp:attachment":[{"href":"https:\/\/catolicanet.net\/wp-cnet\/wp-json\/wp\/v2\/media?parent=13663"}],"wp:term":[{"taxonomy":"category","embeddable":true,"href":"https:\/\/catolicanet.net\/wp-cnet\/wp-json\/wp\/v2\/categories?post=13663"},{"taxonomy":"post_tag","embeddable":true,"href":"https:\/\/catolicanet.net\/wp-cnet\/wp-json\/wp\/v2\/tags?post=13663"}],"curies":[{"name":"wp","href":"https:\/\/api.w.org\/{rel}","templated":true}]}}