{"id":13661,"date":"2016-03-07T12:46:04","date_gmt":"2016-03-07T15:46:04","guid":{"rendered":"http:\/\/catolicanet.net\/wp-cnet\/2016\/03\/07\/em-busca-da-verdade\/"},"modified":"2017-05-08T15:31:44","modified_gmt":"2017-05-08T18:31:44","slug":"em-busca-da-verdade","status":"publish","type":"post","link":"https:\/\/catolicanet.net\/wp-cnet\/em-busca-da-verdade\/","title":{"rendered":"Em busca da verdade"},"content":{"rendered":"<p style=\"text-align: justify;\">A filosofia humana nasceu buscando a verdade. H\u00e1 mais de dois mil e quinhentos anos, mergulhado na contempla\u00e7\u00e3o do mundo, um homem se deparou com uma frase, que estampava o templo de Apolo, em Delfos, na Gr\u00e9cia. Uma frase que o provocou profundamente: Conhece-te a ti mesmo. A partir da\u00ed aquele homem simples come\u00e7ou a se questionar, at\u00e9 encontrar uma resposta adequada \u00e0quela frase quase provocativa. E arriscou uma opini\u00e3o: \u201cA verdade est\u00e1 no pr\u00f3prio homem, cabe a ele encontr\u00e1-la\u201d. Assim nascia o movimento filos\u00f3fico que S\u00f3crates, o homem que soube pensar, legou ao mundo. Mas ser\u00e1 que encontrou a verdade?<\/p>\n<p> No minist\u00e9rio de Cristo poucas perguntas ficaram sem respostas. A mais famosa delas foi feita por Pilatos, na emin\u00eancia da condena\u00e7\u00e3o daquele que se apresentou como a verdade absoluta. Ent\u00e3o seu algoz \u2013 que tinha o poder de libert\u00e1-lo \u2013 faz a pergunta crucial: \u201cAfinal, o que \u00e9 a verdade?\u201d Sua resposta retumbou no sil\u00eancio de uma plateia sedenta de sangue, que n\u00e3o percebeu a profundidade das palavras de Jesus, antes que a pergunta fosse formulada: \u201cTodo aquele que est\u00e1 com a verdade, ouve a minha voz\u201d. Isto posto, Jesus n\u00e3o encontrou raz\u00e3o para dizer algo mais, pois nesta afirmativa j\u00e1 se encontra a resposta que o mundo busca, mas nem todos encontram. Porque a verdade \u00e9 divina; a mentira faz parte do mundo dos homens. Porque quem segue os ensinamentos da Verdade, segue a voz de Deus. Porque onde a verdade impera, o bem borbulha; onde impera a mentira, o mal faz festa. Essa \u00e9 a verdade que deixamos de perseguir. Sem ela, o dom\u00ednio do engodo, do oportunismo e das artimanhas pessoais deita e rola sobre o bem comum, favorecendo momentaneamente a poucos, em detrimento do bem-estar ou da dignidade m\u00ednima que a grande maioria clama para si pr\u00f3prio. Se a n\u00edvel pessoal o desconhecimento da verdade provoca grandes estragos, imaginem a n\u00edvel pol\u00edtico ou comunit\u00e1rio.<\/p>\n<p> Desculpem-me, n\u00e3o h\u00e1 necessidade de imaginar. Basta um olhar compassivo ao que nos resta hoje, como na\u00e7\u00e3o, como povo que merecia um m\u00ednimo de respeito e compaix\u00e3o. Se o turbilh\u00e3o que nos arrasta como ra\u00e7a humana que n\u00e3o mais se reconhece como tal, faz v\u00edtimas em todo canto do mundo e lan\u00e7a fora qualquer princ\u00edpio de respeito e dignidade, algo mais aterrador do que qualquer hecatombe b\u00e9lica, nuclear ou end\u00eamica est\u00e1 dizimando nossas for\u00e7as, nossa alma, a ess\u00eancia humana que enterramos no quintal do comodismo, da indiferen\u00e7a. J\u00e1 n\u00e3o mais nos conhecemos. A verdade presente no \u00e2mago das nossas virtudes foi atirada no lixo das ambi\u00e7\u00f5es pessoais, pol\u00edtico-partid\u00e1rias, sociais ou setoriais. Cada qual defende sua pr\u00f3pria verdade como \u00fanica e absoluta. Que se danem as verdades, as necessidades, a realidade dos demais. A minha verdade \u00e9 o que interessa agora. A verdade de Cristo? Esta nem Pilatos esperou pela resposta&#8230; Crucifica-o, crucifica-o, era a voz do povo, cego e manipulado num jogo de interesses pol\u00edtico-religioso. Talvez tenha sido esse o \u00fanico momento da hist\u00f3ria onde a voz do povo n\u00e3o foi a voz de Deus.<\/p>\n<p> Esse mesmo povo que ainda hoje brada e clama por justi\u00e7a, mesmo que tardia! Ele se conhece e sabe de sua for\u00e7a, sua import\u00e2ncia decisiva num momento hist\u00f3rico. \u00c9 verdade, muitos ainda n\u00e3o se curaram da cegueira moment\u00e2nea, mas \u201caquele que est\u00e1 com a verdade\u201d h\u00e1 de ouvir a voz do bom pastor: Como diria Paulo aos irm\u00e3os de G\u00e1latas \u2013 povo tamb\u00e9m oprimido e humilhado por seus dominadores \u2013 quando chamava a todos \u00e0 raz\u00e3o, \u00e0 consci\u00eancia da realidade: \u201cSe algu\u00e9m pensa que \u00e9 importante, quando de fato n\u00e3o o \u00e9, est\u00e1 enganando a si mesmo\u201d. E conclu\u00eda: \u201cCada um examine a sua conduta, e ent\u00e3o achar\u00e1 motivos de satisfa\u00e7\u00e3o em sua pr\u00f3pria pessoa\u201d (Gal 6,3-4). Porque a conduta do justo prima pela verdade. Porque s\u00f3 mesmo a verdade poder\u00e1 nos libertar.<\/p>\n<p><\/p>\n","protected":false},"excerpt":{"rendered":"<p>A filosofia humana nasceu buscando a verdade. H\u00e1 mais de dois mil e quinhentos anos, mergulhado na contempla\u00e7\u00e3o do mundo, um homem se deparou com uma frase, que estampava o templo de Apolo, em Delfos, na Gr\u00e9cia. Uma frase que o provocou profundamente: Conhece-te a ti mesmo. A partir da\u00ed aquele homem simples come\u00e7ou a [&hellip;]<\/p>\n","protected":false},"author":17,"featured_media":0,"comment_status":"open","ping_status":"open","sticky":false,"template":"","format":"standard","meta":{"footnotes":""},"categories":[9],"tags":[],"class_list":["post-13661","post","type-post","status-publish","format-standard","hentry","category-artigos"],"_links":{"self":[{"href":"https:\/\/catolicanet.net\/wp-cnet\/wp-json\/wp\/v2\/posts\/13661","targetHints":{"allow":["GET"]}}],"collection":[{"href":"https:\/\/catolicanet.net\/wp-cnet\/wp-json\/wp\/v2\/posts"}],"about":[{"href":"https:\/\/catolicanet.net\/wp-cnet\/wp-json\/wp\/v2\/types\/post"}],"author":[{"embeddable":true,"href":"https:\/\/catolicanet.net\/wp-cnet\/wp-json\/wp\/v2\/users\/17"}],"replies":[{"embeddable":true,"href":"https:\/\/catolicanet.net\/wp-cnet\/wp-json\/wp\/v2\/comments?post=13661"}],"version-history":[{"count":1,"href":"https:\/\/catolicanet.net\/wp-cnet\/wp-json\/wp\/v2\/posts\/13661\/revisions"}],"predecessor-version":[{"id":21665,"href":"https:\/\/catolicanet.net\/wp-cnet\/wp-json\/wp\/v2\/posts\/13661\/revisions\/21665"}],"wp:attachment":[{"href":"https:\/\/catolicanet.net\/wp-cnet\/wp-json\/wp\/v2\/media?parent=13661"}],"wp:term":[{"taxonomy":"category","embeddable":true,"href":"https:\/\/catolicanet.net\/wp-cnet\/wp-json\/wp\/v2\/categories?post=13661"},{"taxonomy":"post_tag","embeddable":true,"href":"https:\/\/catolicanet.net\/wp-cnet\/wp-json\/wp\/v2\/tags?post=13661"}],"curies":[{"name":"wp","href":"https:\/\/api.w.org\/{rel}","templated":true}]}}