{"id":13654,"date":"2016-03-04T17:01:16","date_gmt":"2016-03-04T20:01:16","guid":{"rendered":"http:\/\/catolicanet.net\/wp-cnet\/2016\/03\/04\/estados-unidos-comissao-do-congresso-reconhece-genocidio-de-cristaos-no-oriente\/"},"modified":"2017-05-31T11:32:42","modified_gmt":"2017-05-31T14:32:42","slug":"estados-unidos-comissao-do-congresso-reconhece-genocidio-de-cristaos-no-oriente","status":"publish","type":"post","link":"https:\/\/catolicanet.net\/wp-cnet\/estados-unidos-comissao-do-congresso-reconhece-genocidio-de-cristaos-no-oriente\/","title":{"rendered":"Estados Unidos: Comiss\u00e3o do Congresso reconhece genoc\u00eddio de crist\u00e3os no Oriente"},"content":{"rendered":"<p style=\"text-align: justify;\"><img decoding=\"async\" src=\"http:\/\/catolicanet.com.br\/images\/stories\/geral\/refugiados_caritasinternationalis_030316.jpg\" border=\"0\" align=\"left\" \/>Os Cavaleiros de Colombo agradeceram por meio de um comunicado \u00e0 Comiss\u00e3o de Rela\u00e7\u00f5es Exteriores da C\u00e2mara de Representantes dos Estados Unidos, por aprovar de forma un\u00e2nime, uma resolu\u00e7\u00e3o que declara como \u201cgenoc\u00eddio\u201d a persegui\u00e7\u00e3o de crist\u00e3os, outras religi\u00f5es e minorias \u00e9tnicas cometidas pelo Estado Isl\u00e2mico (ISIS) no Oriente M\u00e9dio.<\/p>\n<p>O Cavaleiro Supremo dos Cavaleiros de Colombo, Carl Anderson, assinalou que esta comiss\u00e3o deu \u201cum corajoso e hist\u00f3rico passo para dar significado \u00e0s palavras \u2018nunca mais\u2019\u201d.<\/p>\n<p>Acrescentou que agora esperam a aprova\u00e7\u00e3o de toda a C\u00e2mara de Representantes a fim de que possa \u201cunir sua voz ao Parlamento Europeu, ao Papa Francisco, e \u00e0 Comiss\u00e3o dos Estados Unidos sobre Liberdade Religiosa Internacional (USCIRF) e a dos estudiosos do genoc\u00eddio a n\u00edvel mundial\u201d.<\/p>\n<p>Tamb\u00e9m destacou o apoio bipartid\u00e1rio de mais de 200 co-patrocinadores para declarar como genoc\u00eddio os atos cometidos pelo ISIS, \u201co que mostrou a contund\u00eancia da evid\u00eancia\u201d.<\/p>\n<p>\u201cEsperamos que o Departamento de Estado tamb\u00e9m fa\u00e7a o correto e chegue \u00e0 mesma conclus\u00e3o nos dias seguintes. Que apoie a declara\u00e7\u00e3o do senador Kerry em 2014 quando disse que a situa\u00e7\u00e3o que enfrentavam os crist\u00e3os e yazidis tinha \u2018todos os sinais para ser considerado um genoc\u00eddio\u2019\u201d.<\/p>\n<p>O Departamento do Estado dever\u00e1, por lei, assumir uma postura a respeito deste tema durante este m\u00eas.<\/p>\n<p>Recorde-se que os Cavaleiros de Colombo e a organiza\u00e7\u00e3o \u201cEm Defesa dos Crist\u00e3os\u201d lan\u00e7aram no \u00faltimo dia 25 de fevereiro um pedido dirigido a John Kerry, Secret\u00e1rio do Departamento de Estado dos Estados Unidos, a fim de que reconhe\u00e7am como genoc\u00eddio a persegui\u00e7\u00e3o e o massacre dos crist\u00e3os no Oriente M\u00e9dio.<\/p>\n<p>Atualmente, o pedido dos Cavaleiros de Colombo tem aproximadamente 45 mil assinaturas e animam a que mais pessoas se unam a este.<\/p>\n<p>Entre as pessoas que assinaram o pedido est\u00e3o o Cardeal Timothy Dolan, Arcebispo de Nova Iorque e chefe da Associa\u00e7\u00e3o de Cat\u00f3licos Pr\u00f3ximos ao Oriente; o Arcebispo Joseph Kurtz, presidente da Confer\u00eancia Episcopal dos Estados Unidos; o governador de Ohio, John Kasich; a Igreja Apost\u00f3lica Arm\u00eania da Am\u00e9rica (Prelatura Oriental); o historiador Philip Jenkins; peritos e ativistas dos direitos humanos, entre outros.<\/p>\n<p>Os Cavaleiros de Colombo s\u00e3o uma das maiores organiza\u00e7\u00f5es cat\u00f3licas, com 1,9 milh\u00f5es de membros no mundo inteiro. Come\u00e7ou a ajudar os refugiados crist\u00e3os em 2014, focado principalmente no Oriente M\u00e9dio.<\/p>\n<p>At\u00e9 hoje, mais de 8 milh\u00f5es de d\u00f3lares foram arrecadados a fim de fornecer alimento, aten\u00e7\u00e3o m\u00e9dica, educa\u00e7\u00e3o, acolhida e apoio em geral aos crist\u00e3os e outras minorias religiosas perseguidas, principalmente no Iraque e na S\u00edria.<\/p>\n<p style=\"text-align: justify;\">Fonte: Acidigital<\/p>\n","protected":false},"excerpt":{"rendered":"<p>Os Cavaleiros de Colombo agradeceram por meio de um comunicado \u00e0 Comiss\u00e3o de Rela\u00e7\u00f5es Exteriores da C\u00e2mara de Representantes dos Estados Unidos, por aprovar de forma un\u00e2nime, uma resolu\u00e7\u00e3o que declara como \u201cgenoc\u00eddio\u201d a persegui\u00e7\u00e3o de crist\u00e3os, outras religi\u00f5es e minorias \u00e9tnicas cometidas pelo Estado Isl\u00e2mico (ISIS) no Oriente M\u00e9dio. O Cavaleiro Supremo dos Cavaleiros [&hellip;]<\/p>\n","protected":false},"author":1,"featured_media":0,"comment_status":"open","ping_status":"open","sticky":false,"template":"","format":"standard","meta":{"footnotes":""},"categories":[4],"tags":[],"class_list":["post-13654","post","type-post","status-publish","format-standard","hentry","category-cotidiano"],"_links":{"self":[{"href":"https:\/\/catolicanet.net\/wp-cnet\/wp-json\/wp\/v2\/posts\/13654","targetHints":{"allow":["GET"]}}],"collection":[{"href":"https:\/\/catolicanet.net\/wp-cnet\/wp-json\/wp\/v2\/posts"}],"about":[{"href":"https:\/\/catolicanet.net\/wp-cnet\/wp-json\/wp\/v2\/types\/post"}],"author":[{"embeddable":true,"href":"https:\/\/catolicanet.net\/wp-cnet\/wp-json\/wp\/v2\/users\/1"}],"replies":[{"embeddable":true,"href":"https:\/\/catolicanet.net\/wp-cnet\/wp-json\/wp\/v2\/comments?post=13654"}],"version-history":[{"count":1,"href":"https:\/\/catolicanet.net\/wp-cnet\/wp-json\/wp\/v2\/posts\/13654\/revisions"}],"predecessor-version":[{"id":26356,"href":"https:\/\/catolicanet.net\/wp-cnet\/wp-json\/wp\/v2\/posts\/13654\/revisions\/26356"}],"wp:attachment":[{"href":"https:\/\/catolicanet.net\/wp-cnet\/wp-json\/wp\/v2\/media?parent=13654"}],"wp:term":[{"taxonomy":"category","embeddable":true,"href":"https:\/\/catolicanet.net\/wp-cnet\/wp-json\/wp\/v2\/categories?post=13654"},{"taxonomy":"post_tag","embeddable":true,"href":"https:\/\/catolicanet.net\/wp-cnet\/wp-json\/wp\/v2\/tags?post=13654"}],"curies":[{"name":"wp","href":"https:\/\/api.w.org\/{rel}","templated":true}]}}