{"id":13653,"date":"2016-03-04T16:53:45","date_gmt":"2016-03-04T19:53:45","guid":{"rendered":"http:\/\/catolicanet.net\/wp-cnet\/2016\/03\/04\/hoje-podera-voltar-para-casa-deus-te-espera-em-24-horas-para-o-senhor\/"},"modified":"2017-05-30T09:57:43","modified_gmt":"2017-05-30T12:57:43","slug":"hoje-podera-voltar-para-casa-deus-te-espera-em-24-horas-para-o-senhor","status":"publish","type":"post","link":"https:\/\/catolicanet.net\/wp-cnet\/hoje-podera-voltar-para-casa-deus-te-espera-em-24-horas-para-o-senhor\/","title":{"rendered":"Hoje poder\u00e1 voltar para casa: Deus te espera em \u201c24 horas para o Senhor\u201d"},"content":{"rendered":"<p style=\"text-align: justify;\"><img decoding=\"async\" src=\"http:\/\/catolicanet.com.br\/images\/stories\/geral\/francisco24horasparae.jpg\" border=\"0\" align=\"left\" \/>Entre hoje e amanh\u00e3, 4 e 5, as Igrejas de todo o mundo realizam a terceira edi\u00e7\u00e3o do evento \u201c24 horas para o Senhor\u201d.<\/p>\n<p>Esta jornada de ora\u00e7\u00e3o e confiss\u00e3o \u00e9 uma iniciativa do Papa Francisco, organizada pelo Pontif\u00edcio Conselho para a Nova Evangeliza\u00e7\u00e3o, realizada durante a quarta sexta-feira e s\u00e1bado do tempo da Quaresma, a fim de convidar todos os cat\u00f3licos n\u00e3o praticantes e afastados da Igreja para \u201cvoltar para casa\u201d.<\/p>\n<p>Este ano, a jornada tem como lema o mesmo do Ano Jubilar, \u201cMisericordiosos como o Pai\u201d, de modo que v\u00e1rias igrejas do mundo inteiro est\u00e3o abertas para todos os fi\u00e9is que desejam se confessar. \u00c9 uma oportunidade para que aqueles irm\u00e3os afastados e indiferentes \u00e0 Igreja voltem para ela.<\/p>\n<p>O Papa Francisco recorda constantemente que a confiss\u00e3o \u00e9 importante porque est\u00e1 no centro do caminho da Nova Evangeliza\u00e7\u00e3o em toda a Igreja. O Santo Padre tamb\u00e9m exorta a rezar e sair ao encontro dos que est\u00e3o nas periferias existenciais.<\/p>\n<p>Este objetivo coincide com o prop\u00f3sito do Jubileu da Miseric\u00f3rdia, no qual o Papa Francisco pede que \u201cseja uma experi\u00eancia viva da proximidade do Pai, como se quisesse tocar com a m\u00e3o sua ternura, para que fortale\u00e7a a f\u00e9 de cada crente e, deste modo, o testemunho seja cada vez mais eficaz\u201d.<\/p>\n<p>No Vaticano o Papa Francisco preside uma liturgia penitencial na Bas\u00edlica de S\u00e3o Pedro e um momento de Adora\u00e7\u00e3o Eucar\u00edstica.<\/p>\n<p style=\"text-align: justify;\">Fonte: Acidigital<\/p>\n","protected":false},"excerpt":{"rendered":"<p>Entre hoje e amanh\u00e3, 4 e 5, as Igrejas de todo o mundo realizam a terceira edi\u00e7\u00e3o do evento \u201c24 horas para o Senhor\u201d. Esta jornada de ora\u00e7\u00e3o e confiss\u00e3o \u00e9 uma iniciativa do Papa Francisco, organizada pelo Pontif\u00edcio Conselho para a Nova Evangeliza\u00e7\u00e3o, realizada durante a quarta sexta-feira e s\u00e1bado do tempo da Quaresma, [&hellip;]<\/p>\n","protected":false},"author":1,"featured_media":0,"comment_status":"open","ping_status":"open","sticky":false,"template":"","format":"standard","meta":{"footnotes":""},"categories":[4],"tags":[],"class_list":["post-13653","post","type-post","status-publish","format-standard","hentry","category-cotidiano"],"_links":{"self":[{"href":"https:\/\/catolicanet.net\/wp-cnet\/wp-json\/wp\/v2\/posts\/13653","targetHints":{"allow":["GET"]}}],"collection":[{"href":"https:\/\/catolicanet.net\/wp-cnet\/wp-json\/wp\/v2\/posts"}],"about":[{"href":"https:\/\/catolicanet.net\/wp-cnet\/wp-json\/wp\/v2\/types\/post"}],"author":[{"embeddable":true,"href":"https:\/\/catolicanet.net\/wp-cnet\/wp-json\/wp\/v2\/users\/1"}],"replies":[{"embeddable":true,"href":"https:\/\/catolicanet.net\/wp-cnet\/wp-json\/wp\/v2\/comments?post=13653"}],"version-history":[{"count":1,"href":"https:\/\/catolicanet.net\/wp-cnet\/wp-json\/wp\/v2\/posts\/13653\/revisions"}],"predecessor-version":[{"id":24434,"href":"https:\/\/catolicanet.net\/wp-cnet\/wp-json\/wp\/v2\/posts\/13653\/revisions\/24434"}],"wp:attachment":[{"href":"https:\/\/catolicanet.net\/wp-cnet\/wp-json\/wp\/v2\/media?parent=13653"}],"wp:term":[{"taxonomy":"category","embeddable":true,"href":"https:\/\/catolicanet.net\/wp-cnet\/wp-json\/wp\/v2\/categories?post=13653"},{"taxonomy":"post_tag","embeddable":true,"href":"https:\/\/catolicanet.net\/wp-cnet\/wp-json\/wp\/v2\/tags?post=13653"}],"curies":[{"name":"wp","href":"https:\/\/api.w.org\/{rel}","templated":true}]}}