{"id":13645,"date":"2016-03-04T13:53:41","date_gmt":"2016-03-04T16:53:41","guid":{"rendered":"http:\/\/catolicanet.net\/wp-cnet\/2016\/03\/04\/parana-acao-missionaria-20000-biblias-para-a-africa\/"},"modified":"2017-06-02T13:54:03","modified_gmt":"2017-06-02T16:54:03","slug":"parana-acao-missionaria-20000-biblias-para-a-africa","status":"publish","type":"post","link":"https:\/\/catolicanet.net\/wp-cnet\/parana-acao-missionaria-20000-biblias-para-a-africa\/","title":{"rendered":"Paran\u00e1: A\u00e7\u00e3o Mission\u00e1ria, 20.000 B\u00edblias para a \u00c1frica"},"content":{"rendered":"<p style=\"text-align: justify;\"><img decoding=\"async\" src=\"http:\/\/catolicanet.com.br\/images\/stories\/geral\/other1176137_articolo.jpg\" border=\"0\" align=\"left\" \/>O Regional Sul 2 da CNBB (Paran\u00e1) lan\u00e7ou em setembro de 2015 a A\u00e7\u00e3o Mission\u00e1ria 20.000 B\u00edblias para a \u00c1frica. Trata-se de uma a\u00e7\u00e3o que envolve principalmente os milhares de catequizandos de todo o Estado e membros das Pastorais, Movimentos e Organismos presentes no Regional com o objetivo de estreitar la\u00e7os com a Igreja Cat\u00f3lica presente no pais da Guin\u00e9 Bissau e arrecadar fundos para a doa\u00e7\u00e3o das B\u00edblias \u00e0quela Igreja.<\/p>\n<p>A A\u00e7\u00e3o Mission\u00e1ria se desenvolver\u00e1 de mar\u00e7o at\u00e9 o final de novembro deste ano. Por meio de um site espec\u00edfico e de redes sociais ser\u00e3o publicados v\u00eddeos, fotos, testemunhos e informa\u00e7\u00f5es sobre o andamento da Miss\u00e3o que a Igreja do Paran\u00e1 assumiu na Guin\u00e9 Bissau. Reportagem do jornalista Jorge Teles. (SP)<\/p>\n<p style=\"text-align: justify;\">Fonte: CNBB<\/p>\n","protected":false},"excerpt":{"rendered":"<p>O Regional Sul 2 da CNBB (Paran\u00e1) lan\u00e7ou em setembro de 2015 a A\u00e7\u00e3o Mission\u00e1ria 20.000 B\u00edblias para a \u00c1frica. Trata-se de uma a\u00e7\u00e3o que envolve principalmente os milhares de catequizandos de todo o Estado e membros das Pastorais, Movimentos e Organismos presentes no Regional com o objetivo de estreitar la\u00e7os com a Igreja Cat\u00f3lica [&hellip;]<\/p>\n","protected":false},"author":1,"featured_media":0,"comment_status":"open","ping_status":"open","sticky":false,"template":"","format":"standard","meta":{"footnotes":""},"categories":[3],"tags":[],"class_list":["post-13645","post","type-post","status-publish","format-standard","hentry","category-vaticano"],"_links":{"self":[{"href":"https:\/\/catolicanet.net\/wp-cnet\/wp-json\/wp\/v2\/posts\/13645","targetHints":{"allow":["GET"]}}],"collection":[{"href":"https:\/\/catolicanet.net\/wp-cnet\/wp-json\/wp\/v2\/posts"}],"about":[{"href":"https:\/\/catolicanet.net\/wp-cnet\/wp-json\/wp\/v2\/types\/post"}],"author":[{"embeddable":true,"href":"https:\/\/catolicanet.net\/wp-cnet\/wp-json\/wp\/v2\/users\/1"}],"replies":[{"embeddable":true,"href":"https:\/\/catolicanet.net\/wp-cnet\/wp-json\/wp\/v2\/comments?post=13645"}],"version-history":[{"count":1,"href":"https:\/\/catolicanet.net\/wp-cnet\/wp-json\/wp\/v2\/posts\/13645\/revisions"}],"predecessor-version":[{"id":28530,"href":"https:\/\/catolicanet.net\/wp-cnet\/wp-json\/wp\/v2\/posts\/13645\/revisions\/28530"}],"wp:attachment":[{"href":"https:\/\/catolicanet.net\/wp-cnet\/wp-json\/wp\/v2\/media?parent=13645"}],"wp:term":[{"taxonomy":"category","embeddable":true,"href":"https:\/\/catolicanet.net\/wp-cnet\/wp-json\/wp\/v2\/categories?post=13645"},{"taxonomy":"post_tag","embeddable":true,"href":"https:\/\/catolicanet.net\/wp-cnet\/wp-json\/wp\/v2\/tags?post=13645"}],"curies":[{"name":"wp","href":"https:\/\/api.w.org\/{rel}","templated":true}]}}