{"id":13643,"date":"2016-03-04T13:40:48","date_gmt":"2016-03-04T16:40:48","guid":{"rendered":"http:\/\/catolicanet.net\/wp-cnet\/2016\/03\/04\/jornada-hispano-americana-quase-mil-sacerdotes-espanhois-na-al\/"},"modified":"2017-06-02T11:04:16","modified_gmt":"2017-06-02T14:04:16","slug":"jornada-hispano-americana-quase-mil-sacerdotes-espanhois-na-al","status":"publish","type":"post","link":"https:\/\/catolicanet.net\/wp-cnet\/jornada-hispano-americana-quase-mil-sacerdotes-espanhois-na-al\/","title":{"rendered":"Jornada Hispano-americana: quase mil sacerdotes espanh\u00f3is na AL"},"content":{"rendered":"<p style=\"text-align: justify;\"><img decoding=\"async\" src=\"http:\/\/catolicanet.com.br\/images\/stories\/geral\/reuters309503_articolo.jpg\" border=\"0\" align=\"left\" \/>No pr\u00f3ximo domingo, 6 de mar\u00e7o, celebra-se a &#8220;Jornada Hispano-americana&#8221;, promovida pela Comiss\u00e3o Episcopal para as Miss\u00f5es da Confer\u00eancia Episcopal Espanhola e pela OCSHA (Obra de Coopera\u00e7\u00e3o Sacerdotal Hispano-americana), organiza\u00e7\u00e3o que re\u00fane um grande n\u00famero de sacerdotes diocesanos que trabalham no continente americano. O tema desta edi\u00e7\u00e3o \u00e9 &#8220;Testemunhas de Miseric\u00f3rdia&#8221;.<\/p>\n<p>Neste dia, as Igrejas na Am\u00e9rica Latina e na Espanha se unem para refor\u00e7ar a comunh\u00e3o, a colabora\u00e7\u00e3o e a solidariedade entre os povos e as na\u00e7\u00f5es-irm\u00e3s. \u00c9 tamb\u00e9m a ocasi\u00e3o para recordar todos os mission\u00e1rios espanh\u00f3is na Am\u00e9rica Latina.<\/p>\n<p>Segundo as not\u00edcias divulgadas para a data, s\u00e3o atualmente 970 os sacerdotes fidei donum espanh\u00f3is que prestam seu servi\u00e7o mission\u00e1rio na Am\u00e9rica Latina.<\/p>\n<p>A diocese de Toledo \u00e9 a diocese espanhola com maior n\u00famero de mission\u00e1rios na Am\u00e9rica Latina, como destaca a nota enviada a Fides. Portanto, neste dia, &#8220;expressamos a nossa renovada gratid\u00e3o aos 31 sacerdotes da diocese que est\u00e3o a servi\u00e7o da Igreja na Am\u00e9rica Latina, reunidos pela OCSHA, e a todos os espanh\u00f3is, religiosos e religiosas, sacerdotes e leigos que colaboram nas miss\u00f5es como Fidei Donum para a evangeliza\u00e7\u00e3o naquelas terras. Desde 1959, e nesta celebra\u00e7\u00e3o especial, recordamos todos aqueles mission\u00e1rios com a nossa ora\u00e7\u00e3o e em comunh\u00e3o eclesial, que se torna expl\u00edcita na coopera\u00e7\u00e3o entre as Igrejas&#8221;, afirma a nota.<\/p>\n<p style=\"text-align: justify;\">Fonte: R\u00e1dio Vaticano<\/p>\n","protected":false},"excerpt":{"rendered":"<p>No pr\u00f3ximo domingo, 6 de mar\u00e7o, celebra-se a &#8220;Jornada Hispano-americana&#8221;, promovida pela Comiss\u00e3o Episcopal para as Miss\u00f5es da Confer\u00eancia Episcopal Espanhola e pela OCSHA (Obra de Coopera\u00e7\u00e3o Sacerdotal Hispano-americana), organiza\u00e7\u00e3o que re\u00fane um grande n\u00famero de sacerdotes diocesanos que trabalham no continente americano. O tema desta edi\u00e7\u00e3o \u00e9 &#8220;Testemunhas de Miseric\u00f3rdia&#8221;. Neste dia, as Igrejas [&hellip;]<\/p>\n","protected":false},"author":1,"featured_media":0,"comment_status":"open","ping_status":"open","sticky":false,"template":"","format":"standard","meta":{"footnotes":""},"categories":[3],"tags":[],"class_list":["post-13643","post","type-post","status-publish","format-standard","hentry","category-vaticano"],"_links":{"self":[{"href":"https:\/\/catolicanet.net\/wp-cnet\/wp-json\/wp\/v2\/posts\/13643","targetHints":{"allow":["GET"]}}],"collection":[{"href":"https:\/\/catolicanet.net\/wp-cnet\/wp-json\/wp\/v2\/posts"}],"about":[{"href":"https:\/\/catolicanet.net\/wp-cnet\/wp-json\/wp\/v2\/types\/post"}],"author":[{"embeddable":true,"href":"https:\/\/catolicanet.net\/wp-cnet\/wp-json\/wp\/v2\/users\/1"}],"replies":[{"embeddable":true,"href":"https:\/\/catolicanet.net\/wp-cnet\/wp-json\/wp\/v2\/comments?post=13643"}],"version-history":[{"count":1,"href":"https:\/\/catolicanet.net\/wp-cnet\/wp-json\/wp\/v2\/posts\/13643\/revisions"}],"predecessor-version":[{"id":28061,"href":"https:\/\/catolicanet.net\/wp-cnet\/wp-json\/wp\/v2\/posts\/13643\/revisions\/28061"}],"wp:attachment":[{"href":"https:\/\/catolicanet.net\/wp-cnet\/wp-json\/wp\/v2\/media?parent=13643"}],"wp:term":[{"taxonomy":"category","embeddable":true,"href":"https:\/\/catolicanet.net\/wp-cnet\/wp-json\/wp\/v2\/categories?post=13643"},{"taxonomy":"post_tag","embeddable":true,"href":"https:\/\/catolicanet.net\/wp-cnet\/wp-json\/wp\/v2\/tags?post=13643"}],"curies":[{"name":"wp","href":"https:\/\/api.w.org\/{rel}","templated":true}]}}