{"id":13641,"date":"2016-03-04T12:14:01","date_gmt":"2016-03-04T15:14:01","guid":{"rendered":"http:\/\/catolicanet.net\/wp-cnet\/2016\/03\/04\/pensamento-do-dia-76\/"},"modified":"2017-05-31T11:32:44","modified_gmt":"2017-05-31T14:32:44","slug":"pensamento-do-dia-76","status":"publish","type":"post","link":"https:\/\/catolicanet.net\/wp-cnet\/pensamento-do-dia-76\/","title":{"rendered":"Pensamento do dia"},"content":{"rendered":"<p>N\u00e3o \u00e9 o que voc\u00ea faz, mas quanto amor voc\u00ea dedica no que faz que realmente importa.<br \/>Madre Teresa de Calcut\u00e1<\/p>\n","protected":false},"excerpt":{"rendered":"<p>N\u00e3o \u00e9 o que voc\u00ea faz, mas quanto amor voc\u00ea dedica no que faz que realmente importa.Madre Teresa de Calcut\u00e1<\/p>\n","protected":false},"author":1,"featured_media":0,"comment_status":"open","ping_status":"open","sticky":false,"template":"","format":"standard","meta":{"footnotes":""},"categories":[4],"tags":[],"class_list":["post-13641","post","type-post","status-publish","format-standard","hentry","category-cotidiano"],"_links":{"self":[{"href":"https:\/\/catolicanet.net\/wp-cnet\/wp-json\/wp\/v2\/posts\/13641","targetHints":{"allow":["GET"]}}],"collection":[{"href":"https:\/\/catolicanet.net\/wp-cnet\/wp-json\/wp\/v2\/posts"}],"about":[{"href":"https:\/\/catolicanet.net\/wp-cnet\/wp-json\/wp\/v2\/types\/post"}],"author":[{"embeddable":true,"href":"https:\/\/catolicanet.net\/wp-cnet\/wp-json\/wp\/v2\/users\/1"}],"replies":[{"embeddable":true,"href":"https:\/\/catolicanet.net\/wp-cnet\/wp-json\/wp\/v2\/comments?post=13641"}],"version-history":[{"count":1,"href":"https:\/\/catolicanet.net\/wp-cnet\/wp-json\/wp\/v2\/posts\/13641\/revisions"}],"predecessor-version":[{"id":26359,"href":"https:\/\/catolicanet.net\/wp-cnet\/wp-json\/wp\/v2\/posts\/13641\/revisions\/26359"}],"wp:attachment":[{"href":"https:\/\/catolicanet.net\/wp-cnet\/wp-json\/wp\/v2\/media?parent=13641"}],"wp:term":[{"taxonomy":"category","embeddable":true,"href":"https:\/\/catolicanet.net\/wp-cnet\/wp-json\/wp\/v2\/categories?post=13641"},{"taxonomy":"post_tag","embeddable":true,"href":"https:\/\/catolicanet.net\/wp-cnet\/wp-json\/wp\/v2\/tags?post=13641"}],"curies":[{"name":"wp","href":"https:\/\/api.w.org\/{rel}","templated":true}]}}