{"id":13640,"date":"2016-03-03T16:28:16","date_gmt":"2016-03-03T19:28:16","guid":{"rendered":"http:\/\/catolicanet.net\/wp-cnet\/2016\/03\/03\/o-jubileu-da-misericordia-na-caritas-brasileira\/"},"modified":"2017-06-02T11:29:39","modified_gmt":"2017-06-02T14:29:39","slug":"o-jubileu-da-misericordia-na-caritas-brasileira","status":"publish","type":"post","link":"https:\/\/catolicanet.net\/wp-cnet\/o-jubileu-da-misericordia-na-caritas-brasileira\/","title":{"rendered":"O Jubileu da Miseric\u00f3rdia na Caritas Brasileira"},"content":{"rendered":"<p style=\"text-align: justify;\"><img decoding=\"async\" src=\"http:\/\/catolicanet.com.br\/images\/stories\/geral\/ansa942647_articolo.jpg\" border=\"0\" align=\"left\" \/>Em nosso espa\u00e7o \u201cO Caminho da Miseric\u00f3rdia\u201d desta quinta-feira (02\/03), temos dois convidados. O primeiro \u00e9 o Presidente da Caritas Brasileira, Dom Jo\u00e3o Jos\u00e9 da Costa, que conversou com Cristiane Murray sobre o Jubileu da Miseric\u00f3rdia na Caritas, e o segundo \u00e9 o Diretor de Estudos do Pio Brasileiro, Pe. Domingos Barbosa, que conversou com Silvonei Jose sobre como a comunidade est\u00e1 vivendo este jubileu.<\/p>\n<p style=\"text-align: justify;\">Fonte: R\u00e1dio Vaticano<\/p>\n","protected":false},"excerpt":{"rendered":"<p>Em nosso espa\u00e7o \u201cO Caminho da Miseric\u00f3rdia\u201d desta quinta-feira (02\/03), temos dois convidados. O primeiro \u00e9 o Presidente da Caritas Brasileira, Dom Jo\u00e3o Jos\u00e9 da Costa, que conversou com Cristiane Murray sobre o Jubileu da Miseric\u00f3rdia na Caritas, e o segundo \u00e9 o Diretor de Estudos do Pio Brasileiro, Pe. Domingos Barbosa, que conversou com [&hellip;]<\/p>\n","protected":false},"author":1,"featured_media":0,"comment_status":"open","ping_status":"open","sticky":false,"template":"","format":"standard","meta":{"footnotes":""},"categories":[3],"tags":[],"class_list":["post-13640","post","type-post","status-publish","format-standard","hentry","category-vaticano"],"_links":{"self":[{"href":"https:\/\/catolicanet.net\/wp-cnet\/wp-json\/wp\/v2\/posts\/13640","targetHints":{"allow":["GET"]}}],"collection":[{"href":"https:\/\/catolicanet.net\/wp-cnet\/wp-json\/wp\/v2\/posts"}],"about":[{"href":"https:\/\/catolicanet.net\/wp-cnet\/wp-json\/wp\/v2\/types\/post"}],"author":[{"embeddable":true,"href":"https:\/\/catolicanet.net\/wp-cnet\/wp-json\/wp\/v2\/users\/1"}],"replies":[{"embeddable":true,"href":"https:\/\/catolicanet.net\/wp-cnet\/wp-json\/wp\/v2\/comments?post=13640"}],"version-history":[{"count":1,"href":"https:\/\/catolicanet.net\/wp-cnet\/wp-json\/wp\/v2\/posts\/13640\/revisions"}],"predecessor-version":[{"id":28208,"href":"https:\/\/catolicanet.net\/wp-cnet\/wp-json\/wp\/v2\/posts\/13640\/revisions\/28208"}],"wp:attachment":[{"href":"https:\/\/catolicanet.net\/wp-cnet\/wp-json\/wp\/v2\/media?parent=13640"}],"wp:term":[{"taxonomy":"category","embeddable":true,"href":"https:\/\/catolicanet.net\/wp-cnet\/wp-json\/wp\/v2\/categories?post=13640"},{"taxonomy":"post_tag","embeddable":true,"href":"https:\/\/catolicanet.net\/wp-cnet\/wp-json\/wp\/v2\/tags?post=13640"}],"curies":[{"name":"wp","href":"https:\/\/api.w.org\/{rel}","templated":true}]}}